{"id":2074,"date":"2017-06-23T11:43:16","date_gmt":"2017-06-23T09:43:16","guid":{"rendered":"http:\/\/www.eldetectivepress.org\/?p=2074"},"modified":"2017-06-23T11:43:52","modified_gmt":"2017-06-23T09:43:52","slug":"departamento-de-seguridad-concede-dieciocho-menciones-honorificas-en-el-ambito-de-la-seguridad-privada-en-euskadi","status":"publish","type":"post","link":"https:\/\/www.elbuscadordeldetective.info\/?p=2074","title":{"rendered":"Departamento de Seguridad concede dieciocho menciones honor\u00edficas en el \u00e1mbito de la seguridad privada en Euskadi"},"content":{"rendered":"<p>En el acto que ha tenido lugar en la sala de reuniones de la Base Central de Erandio, el viceconsejero de Seguridad ha procedido a la entrega de 18 menciones, en concreto, una condecoraci\u00f3n honor\u00edfica (medalla) y doce distinciones honor\u00edficas dirigidas al personal de seguridad privada. Asimismo, se ha entregado un diploma para reconocer a las empresas de seguridad y cuatro placas de honor dirigida al reconocimiento de las personas f\u00edsicas, instituciones, corporaciones, entidades o establecimientos p\u00fablicos o privados.<\/p>\n<p>En el transcurso de la entrega de galardones, el viceconsejero de Seguridad, Josu Zubiaga, ha felicitado a los galardonados y ha destacado la colaboraci\u00f3n entre los servicios p\u00fablicos y privados de seguridad ya que \u201csi ya hoy es necesaria, a futuro va a ser a\u00fan m\u00e1s necesaria para trabajar la complementariedad en t\u00e9rminos de informaci\u00f3n, inteligencia e innovaci\u00f3n\u201d. <\/p>\n<p>\u201cVolvemos a poner en valor y reconocer institucionalmente lo que todos y cada uno de los m\u00e9ritos reconocidos representan como contribuci\u00f3n real, concreta, eficaz a la seguridad p\u00fablica de Euskadi. Como contribuci\u00f3n destacada y relevante a la colaboraci\u00f3n destacada y relevante a la colaboraci\u00f3n entre los servicios de seguridad privada que ustedes representan y el servicio policial, p\u00fablico e integral que la Ertzaintza ejerce en el d\u00eda a d\u00eda\u201d, ha se\u00f1alado el viceconsejero de Seguridad.<\/p>\n<p>En su intervenci\u00f3n, Zubiaga ha puesto en valor la creaci\u00f3n de un centro p\u00fablico de ciberseguridad as\u00ed como las decisiones y acuerdos adoptados en la Junta de Seguridad de Euskadi por ser \u201cacciones positivas para la seguridad de nuestra ciudadan\u00eda\u201d.<\/p>\n<p>18 galardones<\/p>\n<p>La Comisi\u00f3n de Evaluaci\u00f3n sobre la concesi\u00f3n de menciones honor\u00edficas en el \u00e1mbito de la seguridad privada en Euskadi ha evaluado un total de 49 propuestas presentadas, de las cuales 18 han sido merecedoras de una distinci\u00f3n.<\/p>\n<p>El m\u00e1ximo galard\u00f3n, la medalla, ha sido concecida a Jos\u00e9 Ram\u00f3n Basterretxea, Jefe de Seguridad de Metro por su larga trayectoria de colaboraci\u00f3n y especialmente por el trabajo de colaboraci\u00f3n, identificaci\u00f3n y posterior detenci\u00f3n por parte de la Ertzaintza de un presunto agresor sexual, hechos ocurridos en el municipio de Plentzia en septiembre de 2016.<\/p>\n<p>Por su parte las distinciones honor\u00edficas se han concedido a Juan Bernab\u00e9 Ramos Mu\u00f1oz (Prosegur), Enrique Medina Blazquez (Bilbo Guardas), Rub\u00e9n Ferreras Fernandez (Prosetecnisa), los vigilantes de ALSE, Victor Manuel Dom\u00ednguez Gonzalez y Raul Rosique P\u00e9rez (Alse), los de  Prosegur, Jorge P\u00e9rez Arroyo y Patxi Fernandez Calvo y los de Securitas, Manuel de Cabo Cepero y Sergio Barba Moreno. Asimismo, han recibido la distinci\u00f3n honor\u00edfica Antonio Espa\u00f1a Iglesias, Jorge David Garc\u00eda Arriaga y Jon Aitor Villa Baraya, directores de Seguridad de Sabico, BBVA y EITB.<\/p>\n<p>En el mismo acto, se ha concedido tambi\u00e9n diploma a la empresa de Seguridad, Gasteiz de Vigilancia. Asimismo, se han otorgado cuatro placas de honor a Carlos L\u00f3pez Torrego, de Renfe, a Eduard Zamora Peral, ex director de seguridad del Banco de Sabadell, Jos\u00e9 Luis Echevarria Agirregoicoa, de Telef\u00f3nica\/Moviestar y a Antonio Mar\u00eda Golzarri Mar\u00ednez, director del Puerto de Ondarroa, a todos ellos por su larga y extensa colaboraci\u00f3n con la Ertzaintza.<\/p>\n","protected":false},"excerpt":{"rendered":"<p>En el acto que ha tenido lugar en la sala de reuniones de la Base Central de Erandio, el viceconsejero de Seguridad ha procedido a la entrega de 18 menciones, en concreto, una condecoraci\u00f3n honor\u00edfica (medalla) y doce distinciones honor\u00edficas dirigidas al personal de seguridad privada. Asimismo, se ha entregado un diploma para reconocer a <\/p>\n","protected":false},"author":1,"featured_media":2076,"comment_status":"closed","ping_status":"closed","sticky":false,"template":"","format":"standard","meta":{"footnotes":""},"categories":[26],"tags":[],"class_list":["post-2074","post","type-post","status-publish","format-standard","has-post-thumbnail","hentry","category-seguridad-privada"],"wps_subtitle":"","_links":{"self":[{"href":"https:\/\/www.elbuscadordeldetective.info\/index.php?rest_route=\/wp\/v2\/posts\/2074","targetHints":{"allow":["GET"]}}],"collection":[{"href":"https:\/\/www.elbuscadordeldetective.info\/index.php?rest_route=\/wp\/v2\/posts"}],"about":[{"href":"https:\/\/www.elbuscadordeldetective.info\/index.php?rest_route=\/wp\/v2\/types\/post"}],"author":[{"embeddable":true,"href":"https:\/\/www.elbuscadordeldetective.info\/index.php?rest_route=\/wp\/v2\/users\/1"}],"replies":[{"embeddable":true,"href":"https:\/\/www.elbuscadordeldetective.info\/index.php?rest_route=%2Fwp%2Fv2%2Fcomments&post=2074"}],"version-history":[{"count":1,"href":"https:\/\/www.elbuscadordeldetective.info\/index.php?rest_route=\/wp\/v2\/posts\/2074\/revisions"}],"predecessor-version":[{"id":2075,"href":"https:\/\/www.elbuscadordeldetective.info\/index.php?rest_route=\/wp\/v2\/posts\/2074\/revisions\/2075"}],"wp:featuredmedia":[{"embeddable":true,"href":"https:\/\/www.elbuscadordeldetective.info\/index.php?rest_route=\/wp\/v2\/media\/2076"}],"wp:attachment":[{"href":"https:\/\/www.elbuscadordeldetective.info\/index.php?rest_route=%2Fwp%2Fv2%2Fmedia&parent=2074"}],"wp:term":[{"taxonomy":"category","embeddable":true,"href":"https:\/\/www.elbuscadordeldetective.info\/index.php?rest_route=%2Fwp%2Fv2%2Fcategories&post=2074"},{"taxonomy":"post_tag","embeddable":true,"href":"https:\/\/www.elbuscadordeldetective.info\/index.php?rest_route=%2Fwp%2Fv2%2Ftags&post=2074"}],"curies":[{"name":"wp","href":"https:\/\/api.w.org\/{rel}","templated":true}]}}