{"id":2142,"date":"2017-06-26T09:44:39","date_gmt":"2017-06-26T07:44:39","guid":{"rendered":"http:\/\/www.eldetectivepress.org\/?p=2142"},"modified":"2017-06-26T15:56:45","modified_gmt":"2017-06-26T13:56:45","slug":"carreteras-cortadas-mas-de-2-000-desalojados-y-angustia-por-el-incendio-de-moguer-que-amenaza-donana","status":"publish","type":"post","link":"https:\/\/www.elbuscadordeldetective.info\/?p=2142","title":{"rendered":"Tres focos contin\u00faan activos en el incendio de Do\u00f1ana"},"content":{"rendered":"<p>Un incendio declarado en el l\u00edmite de Do\u00f1ana la noche del s\u00e1bado ha avanzado este domingo en m\u00faltiples direcciones, aupado por el fuerte viento, hasta afectar al parque natural. Tres focos principales est\u00e1n descontrolados todav\u00eda en la noche del domingo y uno se dirige hacia el parque nacional, coraz\u00f3n de esta joya natural y el \u00e1mbito de mayor protecci\u00f3n. El centro de conservaci\u00f3n del lince ib\u00e9rico fue desalojado. Los responsables han podido llevarse 14 ejemplares (cinco de ellas cr\u00edas). A otros 13 se les abri\u00f3 las puertas por si llegaban las llamas. Adem\u00e1s, unas 50.000 personas han quedado atrapadas unas horas en Matalasca\u00f1as (Huelva) por el corte de carreteras.<\/p>\n<p>El incendio forestal, que los especialistas sospechan que no fue originado por causas naturales y ha presentado este domingo tres focos muy activos, ha afectado a las vacaciones y el fin de semana de miles de personas. Pero su alcance ha ido m\u00e1s all\u00e1: ha afectado al fr\u00e1gil equilibrio de este espacio protegido, declarado Patrimonio de la Humanidad por la Unesco. Las llamas han cercado el centro de reproducci\u00f3n en cautividad del lince ib\u00e9rico de El Acebuche. Este domingo por la noche el Ministerio de Medio Ambiente ha asegurado a Efe que los animales han sido reubicados, sin aclarar el lugar.<\/p>\n<p>Los vientos, con rachas de hasta 90 kil\u00f3metros por hora, han hecho ingobernable el siniestro. El fuego se declar\u00f3 sobre las 21.30 del s\u00e1bado en el paraje La Pe\u00f1uela de Moguer, a unos cinco kil\u00f3metros del Espacio Natural de Do\u00f1ana. Fue en una zona mixta \u2014forestal y agr\u00edcola\u2014, llena de invernaderos, una actividad econ\u00f3mica de gran importancia en la zona. En el momento en el que se desataron las llamas soplaba el viento con fuerza, uno de los factores que m\u00e1s inciden en la propagaci\u00f3n del fuego.<\/p>\n<p>La misma noche del s\u00e1bado las llamas obligaron a desalojar a m\u00e1s de 2.000 personas, que durmieron en pabellones habilitados o en la playa. Dos viviendas resultaron da\u00f1adas por el fuego, pero sus due\u00f1os las hab\u00edan desalojado previamente. El incendio tambi\u00e9n oblig\u00f3 a desalojar a los turistas que se alojaban en el Parador de Mazag\u00f3n, el hotel Solvasa y los camping Do\u00f1ana y Cuesta de la Barca, as\u00ed como el Instituto Nacional de T\u00e9cnica Aeroespacial (INTA) del Ministerio de Defensa en la base de El Arenosillo. Tambi\u00e9n el asentamiento chabolista de Las Madres, donde viven unos 500 inmigrantes que trabajan en los invernaderos.<\/p>\n","protected":false},"excerpt":{"rendered":"<p>Un incendio declarado en el l\u00edmite de Do\u00f1ana la noche del s\u00e1bado ha avanzado este domingo en m\u00faltiples direcciones, aupado por el fuerte viento, hasta afectar al parque natural. Tres focos principales est\u00e1n descontrolados todav\u00eda en la noche del domingo y uno se dirige hacia el parque nacional, coraz\u00f3n de esta joya natural y el <\/p>\n","protected":false},"author":1,"featured_media":2157,"comment_status":"closed","ping_status":"closed","sticky":false,"template":"","format":"standard","meta":{"footnotes":""},"categories":[33],"tags":[],"class_list":["post-2142","post","type-post","status-publish","format-standard","has-post-thumbnail","hentry","category-politica-uncategorized"],"wps_subtitle":"","_links":{"self":[{"href":"https:\/\/www.elbuscadordeldetective.info\/index.php?rest_route=\/wp\/v2\/posts\/2142","targetHints":{"allow":["GET"]}}],"collection":[{"href":"https:\/\/www.elbuscadordeldetective.info\/index.php?rest_route=\/wp\/v2\/posts"}],"about":[{"href":"https:\/\/www.elbuscadordeldetective.info\/index.php?rest_route=\/wp\/v2\/types\/post"}],"author":[{"embeddable":true,"href":"https:\/\/www.elbuscadordeldetective.info\/index.php?rest_route=\/wp\/v2\/users\/1"}],"replies":[{"embeddable":true,"href":"https:\/\/www.elbuscadordeldetective.info\/index.php?rest_route=%2Fwp%2Fv2%2Fcomments&post=2142"}],"version-history":[{"count":2,"href":"https:\/\/www.elbuscadordeldetective.info\/index.php?rest_route=\/wp\/v2\/posts\/2142\/revisions"}],"predecessor-version":[{"id":2156,"href":"https:\/\/www.elbuscadordeldetective.info\/index.php?rest_route=\/wp\/v2\/posts\/2142\/revisions\/2156"}],"wp:featuredmedia":[{"embeddable":true,"href":"https:\/\/www.elbuscadordeldetective.info\/index.php?rest_route=\/wp\/v2\/media\/2157"}],"wp:attachment":[{"href":"https:\/\/www.elbuscadordeldetective.info\/index.php?rest_route=%2Fwp%2Fv2%2Fmedia&parent=2142"}],"wp:term":[{"taxonomy":"category","embeddable":true,"href":"https:\/\/www.elbuscadordeldetective.info\/index.php?rest_route=%2Fwp%2Fv2%2Fcategories&post=2142"},{"taxonomy":"post_tag","embeddable":true,"href":"https:\/\/www.elbuscadordeldetective.info\/index.php?rest_route=%2Fwp%2Fv2%2Ftags&post=2142"}],"curies":[{"name":"wp","href":"https:\/\/api.w.org\/{rel}","templated":true}]}}