{"id":3049,"date":"2017-07-17T23:17:26","date_gmt":"2017-07-17T21:17:26","guid":{"rendered":"http:\/\/www.eldetectivepress.org\/?p=3049"},"modified":"2017-07-17T23:19:42","modified_gmt":"2017-07-17T21:19:42","slug":"tejada-pide-aunar-esfuerzos-entre-paises-en-la-lucha-contra-el-cibercrimen","status":"publish","type":"post","link":"https:\/\/www.elbuscadordeldetective.info\/?p=3049","title":{"rendered":"Tejada pide aunar esfuerzos entre pa\u00edses en la lucha contra el cibercrimen"},"content":{"rendered":"<p>La fiscal del Tribunal Supremo y coordinadora nacional contra la Criminalidad Inform\u00e1tica, Elvira Tejada, ha defendido hoy la necesidad de que la legislaci\u00f3n de los Estados se vaya \u00abadaptando\u00bb a las \u00abnecesidades\u00bb de la lucha contra la ciberdelincuencia, sobre todo \u00abaunando esfuerzos entre los distintos pa\u00edses\u00bb.<\/p>\n<p>Tejada ha hecho este emplazamiento en declaraciones a los periodistas antes de inaugurar el ciclo \u00abCiberdelincuencia y la seguridad de la informaci\u00f3n en la empresa del siglo XXI\u00bb, dentro de los Cursos de Verano de San Sebasti\u00e1n, en un acto en el que tambi\u00e9n han participado el presidente de la Audiencia de Gipuzkoa, I\u00f1aki Subijana, y la diputada foral de Promoci\u00f3n Econ\u00f3mica, Ainhoa Aizpuru.<\/p>\n<p>La coordinadora nacional contra la Criminalidad Inform\u00e1tica ha recordado que este problema es un fen\u00f3meno \u00abtransnacional\u00bb ante el que la legislaci\u00f3n europa se est\u00e1 \u00abadaptando\u00bb y Espa\u00f1a \u00abest\u00e1 haci\u00e9ndolo bien\u00bb a pesar de que, como ha reconocido, \u00absiempre hay carencias\u00bb.<\/p>\n<p>\u00abEl problema es que las tecnolog\u00edas avanzan muy deprisa y normalmente la reacci\u00f3n del Estado de Derecho va m\u00e1s despacio, porque cuesta m\u00e1s. Pero yo creo que est\u00e1 bien\u00bb, ha insistido la especialista.<\/p>\n<p>\u00abHemos modificado recientemente el C\u00f3digo Penal y la Ley de Enjuiciamiento Criminal; tenemos unos cuerpos policiales nacionales y auton\u00f3micos con unas unidades muy especializadas en la lucha contra esta forma de delincuencia, y en la Fiscal\u00eda hemos creado desde hace m\u00e1s de cinco a\u00f1os un grupo de fiscales que nos dedicamos espec\u00edficamente a investigar este tipo de actividades delictivas\u00bb, ha recordado.<\/p>\n<p>\u00abNo me atrever\u00eda a decir que estamos en la elite europea, pero no estamos mal. Somos un pa\u00eds que explica muchas cosas y transmite muchas experiencias que otros pa\u00edses reciben\u00bb, ha precisado.<\/p>\n<p>Ha comentado que tambi\u00e9n los especialistas espa\u00f1oles \u00abaprenden de los otros\u00bb. \u00abPero es que en este asunto hay que hacerlo as\u00ed, porque es una materia muy nueva que nos sorprende a todos cada d\u00eda porque las tecnolog\u00edas avanzan y plantean problemas nuevos que nos dejan sorprendidos y unos vamos aprendiendo de los otros. Creo que es la \u00fanica forma de enfocar esto\u00bb, ha sentenciado.<\/p>\n<p>Respecto a las dos \u00faltimas oleadas de ciberataques que han afectado a empresas y organismos internacionales en todo el mundo, ha insistido en la necesidad de \u00abdedicar tiempo y esfuerzo\u00bb a combatirlos destinando \u00abmedios a ello\u00bb y mediante el \u00abtrabajo\u00bb de los legisladores.<\/p>\n<p>\u00abEstamos implementando mucha normativa europea para prevenir los ataques y crear unos escudos de seguridad en colaboraci\u00f3n con los otros pa\u00edses de la UE y tambi\u00e9n desde el punto de vista de la represi\u00f3n, de la persecuci\u00f3n y sanci\u00f3n de los delincuentes. Estamos avanzando mucho, de verdad\u00bb, ha manifestado.<\/p>\n<p>Ha detallado que el problema de la ciberdelincuencia es \u00abun fen\u00f3meno transversal\u00bb que abarca desde el honor de las personas, hasta la violencia de g\u00e9nero, pasando por el acoso a menores, la pornograf\u00eda infantil, el acoso sexual y las estafas.<\/p>\n<p>La Fiscal ha advertido adem\u00e1s de que \u00abentre las figuras delictivas que se est\u00e1n sirviendo de la potencialidad de las herramientas tecnol\u00f3gicas\u00bb se encuentra el terrorismo, que se sirve de ellas para \u00abcaptar\u00bb adeptos, \u00abformarlos y obtener financiaci\u00f3n\u00bb.<\/p>\n<p>Ante esta situaci\u00f3n de riesgo frente al cibercrimen, la experta ha insistido en la necesidad de la \u00absensibilizaci\u00f3n\u00bb de todos los ciudadanos. \u00abEs muy importante que todos seamos conscientes de los riesgos que entra\u00f1a un uso imprudente, negligente, desatento de las herramientas inform\u00e1ticas y que todos nos preparemos y estemos debidamente formados para adoptar las medidas de precauci\u00f3n necesarias\u00bb, ha concluido.<\/p>\n<p>Por su parte, el presidente de la Audiencia de Gipuzkoa ha incidido en la importancia de conciliar la libertad y la seguridad en el \u00e1mbito de la lucha contra la ciberdelincuencia, de crear de una cultura de gesti\u00f3n de riesgos en las empresas frente a este problema, y determinar el \u00e1mbito de responsabilidad jur\u00eddica en este \u00e1mbito.<\/p>\n","protected":false},"excerpt":{"rendered":"<p>La fiscal del Tribunal Supremo y coordinadora nacional contra la Criminalidad Inform\u00e1tica, Elvira Tejada, ha defendido hoy la necesidad de que la legislaci\u00f3n de los Estados se vaya \u00abadaptando\u00bb a las \u00abnecesidades\u00bb de la lucha contra la ciberdelincuencia, sobre todo \u00abaunando esfuerzos entre los distintos pa\u00edses\u00bb. Tejada ha hecho este emplazamiento en declaraciones a los <\/p>\n","protected":false},"author":1,"featured_media":3056,"comment_status":"closed","ping_status":"closed","sticky":false,"template":"","format":"standard","meta":{"footnotes":""},"categories":[58],"tags":[],"class_list":["post-3049","post","type-post","status-publish","format-standard","has-post-thumbnail","hentry","category-eventos"],"wps_subtitle":"","_links":{"self":[{"href":"https:\/\/www.elbuscadordeldetective.info\/index.php?rest_route=\/wp\/v2\/posts\/3049","targetHints":{"allow":["GET"]}}],"collection":[{"href":"https:\/\/www.elbuscadordeldetective.info\/index.php?rest_route=\/wp\/v2\/posts"}],"about":[{"href":"https:\/\/www.elbuscadordeldetective.info\/index.php?rest_route=\/wp\/v2\/types\/post"}],"author":[{"embeddable":true,"href":"https:\/\/www.elbuscadordeldetective.info\/index.php?rest_route=\/wp\/v2\/users\/1"}],"replies":[{"embeddable":true,"href":"https:\/\/www.elbuscadordeldetective.info\/index.php?rest_route=%2Fwp%2Fv2%2Fcomments&post=3049"}],"version-history":[{"count":1,"href":"https:\/\/www.elbuscadordeldetective.info\/index.php?rest_route=\/wp\/v2\/posts\/3049\/revisions"}],"predecessor-version":[{"id":3050,"href":"https:\/\/www.elbuscadordeldetective.info\/index.php?rest_route=\/wp\/v2\/posts\/3049\/revisions\/3050"}],"wp:featuredmedia":[{"embeddable":true,"href":"https:\/\/www.elbuscadordeldetective.info\/index.php?rest_route=\/wp\/v2\/media\/3056"}],"wp:attachment":[{"href":"https:\/\/www.elbuscadordeldetective.info\/index.php?rest_route=%2Fwp%2Fv2%2Fmedia&parent=3049"}],"wp:term":[{"taxonomy":"category","embeddable":true,"href":"https:\/\/www.elbuscadordeldetective.info\/index.php?rest_route=%2Fwp%2Fv2%2Fcategories&post=3049"},{"taxonomy":"post_tag","embeddable":true,"href":"https:\/\/www.elbuscadordeldetective.info\/index.php?rest_route=%2Fwp%2Fv2%2Ftags&post=3049"}],"curies":[{"name":"wp","href":"https:\/\/api.w.org\/{rel}","templated":true}]}}