{"id":3157,"date":"2017-07-20T01:55:10","date_gmt":"2017-07-19T23:55:10","guid":{"rendered":"http:\/\/www.eldetectivepress.org\/?p=3157"},"modified":"2017-07-20T02:02:03","modified_gmt":"2017-07-20T00:02:03","slug":"muere-el-policia-local-herido-en-el-tiroteo-de-gava","status":"publish","type":"post","link":"https:\/\/www.elbuscadordeldetective.info\/?p=3157","title":{"rendered":"Muere el polic\u00eda local herido en el tiroteo de Gav\u00e0"},"content":{"rendered":"<p>El sargento de la Polic\u00eda Local de Gav\u00e0 (Barcelona) que result\u00f3 herido de gravedad en el tiroteo del pasado 6 de julio en las inmediaciones del tanatorio de la ciudad ha fallecido este mi\u00e9rcoles, seg\u00fan han informado fuentes municipales.<\/p>\n<p>El agente, de 50 a\u00f1os, estaba ingresado en el Hospital de Bellvitge desde el pasado 6 de julio cuando recibi\u00f3 un balazo en la mand\u00edbula por parte de Jorge C.C., el hombre que protagoniz\u00f3 el tiroteo y que posteriormente se dio a la fuga, aunque fue capturado a las pocas horas por los Mossos d\u2019Esquadra.<\/p>\n<p>El Ayuntamiento de Gav\u00e0 ha decretado tres d\u00edas de luto oficial, a partir de este mi\u00e9rcoles a las 14 horas y hasta el pr\u00f3ximo s\u00e1bado, lo que comporta la anulaci\u00f3n de las agendas oficiales de todos los concejales, as\u00ed como los actos institucionales y p\u00fablicos promovidos u organizados por el Ayuntamiento.<\/p>\n<p>La alcaldesa de Gav\u00e0 ha lamentado la muerte del sargento de la Polic\u00eda Municipal y ha remarcado la \u201cdecisiva\u201d intervenci\u00f3n que A.L. y el cabo J.C. llevaron a cabo, con lo que evitaron que la persona que les dispar\u00f3 cometiera un acto criminal en el tanatorio de Gav\u00e0-Castelldefels.<\/p>\n","protected":false},"excerpt":{"rendered":"<p>El sargento de la Polic\u00eda Local de Gav\u00e0 (Barcelona) que result\u00f3 herido de gravedad en el tiroteo del pasado 6 de julio en las inmediaciones del tanatorio de la ciudad ha fallecido este mi\u00e9rcoles, seg\u00fan han informado fuentes municipales. El agente, de 50 a\u00f1os, estaba ingresado en el Hospital de Bellvitge desde el pasado 6 <\/p>\n","protected":false},"author":1,"featured_media":3166,"comment_status":"closed","ping_status":"closed","sticky":false,"template":"","format":"standard","meta":{"footnotes":""},"categories":[33],"tags":[],"class_list":["post-3157","post","type-post","status-publish","format-standard","has-post-thumbnail","hentry","category-politica-uncategorized"],"wps_subtitle":"","_links":{"self":[{"href":"https:\/\/www.elbuscadordeldetective.info\/index.php?rest_route=\/wp\/v2\/posts\/3157","targetHints":{"allow":["GET"]}}],"collection":[{"href":"https:\/\/www.elbuscadordeldetective.info\/index.php?rest_route=\/wp\/v2\/posts"}],"about":[{"href":"https:\/\/www.elbuscadordeldetective.info\/index.php?rest_route=\/wp\/v2\/types\/post"}],"author":[{"embeddable":true,"href":"https:\/\/www.elbuscadordeldetective.info\/index.php?rest_route=\/wp\/v2\/users\/1"}],"replies":[{"embeddable":true,"href":"https:\/\/www.elbuscadordeldetective.info\/index.php?rest_route=%2Fwp%2Fv2%2Fcomments&post=3157"}],"version-history":[{"count":2,"href":"https:\/\/www.elbuscadordeldetective.info\/index.php?rest_route=\/wp\/v2\/posts\/3157\/revisions"}],"predecessor-version":[{"id":3159,"href":"https:\/\/www.elbuscadordeldetective.info\/index.php?rest_route=\/wp\/v2\/posts\/3157\/revisions\/3159"}],"wp:featuredmedia":[{"embeddable":true,"href":"https:\/\/www.elbuscadordeldetective.info\/index.php?rest_route=\/wp\/v2\/media\/3166"}],"wp:attachment":[{"href":"https:\/\/www.elbuscadordeldetective.info\/index.php?rest_route=%2Fwp%2Fv2%2Fmedia&parent=3157"}],"wp:term":[{"taxonomy":"category","embeddable":true,"href":"https:\/\/www.elbuscadordeldetective.info\/index.php?rest_route=%2Fwp%2Fv2%2Fcategories&post=3157"},{"taxonomy":"post_tag","embeddable":true,"href":"https:\/\/www.elbuscadordeldetective.info\/index.php?rest_route=%2Fwp%2Fv2%2Ftags&post=3157"}],"curies":[{"name":"wp","href":"https:\/\/api.w.org\/{rel}","templated":true}]}}