{"id":3171,"date":"2017-07-20T02:11:26","date_gmt":"2017-07-20T00:11:26","guid":{"rendered":"http:\/\/www.eldetectivepress.org\/?p=3171"},"modified":"2017-07-20T03:33:32","modified_gmt":"2017-07-20T01:33:32","slug":"el-padre-de-marta-yo-soy-el-culpable-por-haberla-traido-al-mundo","status":"publish","type":"post","link":"https:\/\/www.elbuscadordeldetective.info\/?p=3171","title":{"rendered":"El padre de Marta: \u00abYo soy el culpable por haberla tra\u00eddo al mundo\u00bb"},"content":{"rendered":"<p>El padre de Marta del Castillo, la joven asesinada en enero de 2009 en Sevilla, ha publicado este mi\u00e9rcoles un texto en sus perfiles en las distintas redes sociales con motivo del que ser\u00eda el 26 cumplea\u00f1os de su hija en el que asegura ser el \u00abculpable\u00bb por \u00abhaberla tra\u00eddo al mundo en un pa\u00eds donde la justicia est\u00e1 viciada\u00bb.<\/p>\n<p>En el texto, consultado por Europa Press, Antonio del Castillo ha lamentado que este mi\u00e9rcoles su hija habr\u00eda cumplido 26 a\u00f1os de no haberse visto su vida \u00abtruncada\u00bb por \u00ablos de siempre, gentuza indeseable que cuando los pillan se les llena la boca aclamando por sus derechos, derechos que poseen los malos y no las v\u00edctimas\u00bb<\/p>\n<p>\u00abYo, su padre, soy culpable, por haberla tra\u00eddo al mundo en un pa\u00eds donde la justicia est\u00e1 viciada, donde la palabra justicia est\u00e1 vac\u00eda de contenido y sin valor, un s\u00edmbolo que ni es ciego, ni independiente y tampoco es justo\u00bb, asevera el padre de la joven en este texto.<\/p>\n<p>Antonio del Castillo, en este sentido, recuerda que hay una frase que dice que \u00abhay hombres malos porque los hombres buenos no hacen nada\u00bb, lo que constituye \u00abuna gran verdad\u00bb.<br \/>\n\u00abEstoy muy cansado de esperar, de ser pol\u00edticamente correcto, de soportar infamias y vejaciones, de mentiras impunes, de m\u00e1s de ocho a\u00f1os sin descanso, de no poder llevar flores a mi hija\u00bb, lamenta, se\u00f1alando que \u00fanicamente espera que \u00absi alg\u00fan d\u00eda mi actitud cambia de postura pod\u00e1is perdonarme y entenderme\u00bb.<\/p>\n<p>Y es que \u00abya solo quiero hacer uso de lo poco que me queda y es desearle a mi hija Marta un feliz cumplea\u00f1os, donde est\u00e9\u00bb, finaliza el padre de la joven.<\/p>\n","protected":false},"excerpt":{"rendered":"<p>El padre de Marta del Castillo, la joven asesinada en enero de 2009 en Sevilla, ha publicado este mi\u00e9rcoles un texto en sus perfiles en las distintas redes sociales con motivo del que ser\u00eda el 26 cumplea\u00f1os de su hija en el que asegura ser el \u00abculpable\u00bb por \u00abhaberla tra\u00eddo al mundo en un pa\u00eds <\/p>\n","protected":false},"author":1,"featured_media":3177,"comment_status":"closed","ping_status":"closed","sticky":false,"template":"","format":"standard","meta":{"footnotes":""},"categories":[33],"tags":[],"class_list":["post-3171","post","type-post","status-publish","format-standard","has-post-thumbnail","hentry","category-politica-uncategorized"],"wps_subtitle":"","_links":{"self":[{"href":"https:\/\/www.elbuscadordeldetective.info\/index.php?rest_route=\/wp\/v2\/posts\/3171","targetHints":{"allow":["GET"]}}],"collection":[{"href":"https:\/\/www.elbuscadordeldetective.info\/index.php?rest_route=\/wp\/v2\/posts"}],"about":[{"href":"https:\/\/www.elbuscadordeldetective.info\/index.php?rest_route=\/wp\/v2\/types\/post"}],"author":[{"embeddable":true,"href":"https:\/\/www.elbuscadordeldetective.info\/index.php?rest_route=\/wp\/v2\/users\/1"}],"replies":[{"embeddable":true,"href":"https:\/\/www.elbuscadordeldetective.info\/index.php?rest_route=%2Fwp%2Fv2%2Fcomments&post=3171"}],"version-history":[{"count":1,"href":"https:\/\/www.elbuscadordeldetective.info\/index.php?rest_route=\/wp\/v2\/posts\/3171\/revisions"}],"predecessor-version":[{"id":3172,"href":"https:\/\/www.elbuscadordeldetective.info\/index.php?rest_route=\/wp\/v2\/posts\/3171\/revisions\/3172"}],"wp:featuredmedia":[{"embeddable":true,"href":"https:\/\/www.elbuscadordeldetective.info\/index.php?rest_route=\/wp\/v2\/media\/3177"}],"wp:attachment":[{"href":"https:\/\/www.elbuscadordeldetective.info\/index.php?rest_route=%2Fwp%2Fv2%2Fmedia&parent=3171"}],"wp:term":[{"taxonomy":"category","embeddable":true,"href":"https:\/\/www.elbuscadordeldetective.info\/index.php?rest_route=%2Fwp%2Fv2%2Fcategories&post=3171"},{"taxonomy":"post_tag","embeddable":true,"href":"https:\/\/www.elbuscadordeldetective.info\/index.php?rest_route=%2Fwp%2Fv2%2Ftags&post=3171"}],"curies":[{"name":"wp","href":"https:\/\/api.w.org\/{rel}","templated":true}]}}