{"id":3389,"date":"2017-07-25T17:40:47","date_gmt":"2017-07-25T15:40:47","guid":{"rendered":"http:\/\/www.eldetectivepress.org\/?p=3389"},"modified":"2017-07-25T17:42:32","modified_gmt":"2017-07-25T15:42:32","slug":"el-ministro-del-interior-condecora-con-la-cruz-de-la-orden-del-merito-de-la-guardia-civil-con-distintivo-rojo-al-agente-fallecido-en-huesca","status":"publish","type":"post","link":"https:\/\/www.elbuscadordeldetective.info\/?p=3389","title":{"rendered":"El ministro del Interior condecora con la Cruz de la Orden del M\u00e9rito de la Guardia Civil con distintivo rojo al agente fallecido en Huesca"},"content":{"rendered":"<p>El ministro del Interior, Juan Ignacio Zoido, acompa\u00f1ado por el director general de la Guardia Civil, Jos\u00e9 Manuel Holgado, ha condecorado, a t\u00edtulo p\u00f3stumo, con la Cruz de la Orden del M\u00e9rito de la Guardia Civil con distintivo rojo al agente de la Guardia Civil, Rafael Gonz\u00e1lez, de 45 a\u00f1os de edad, fallecido ayer en A\u00ednsa (Huesca) tras sufrir un accidente de circulaci\u00f3n en acto de servicio cuando se dirig\u00eda a atender un siniestro. <\/p>\n<p>Durante este acto, Juan Ignacio Zoido ha estado acompa\u00f1ado por el delegado del Gobierno en Arag\u00f3n, Gustavo Alcalde; el director general de Tr\u00e1fico, Gregorio Serrano; el presidente de la Diputaci\u00f3n de Huesca; Miguel Gracia; el alcalde de Huesca, Luis Felipe Serrate; el Mando de Operaciones de la Guardia Civil, teniente general, Laurentino Ce\u00f1a; el jefe de la Agrupaci\u00f3n de Tr\u00e1fico de la Guardia Civil, Benito Salcedo, el alcalde de Ainsa, Enrique Pueyo y, el alcalde de Barbastro, Antonio Cosculluela, entre otras autoridades. <\/p>\n<p>Despu\u00e9s del acto celebrado en el Ayuntamiento de Barbastro, el ministro del Interior y el resto de autoridades han asistido a la misa funeral que se ha oficiado en la catedral de la localidad oscense.   <\/p>\n<p>El accidente tuvo lugar en la carretera N-260 cuando el agente, junto con su compa\u00f1ero del Destacamento de Tr\u00e1fico de la Guardia Civil de A\u00ednsa (Huesca), circulaba con la motocicleta oficial con las luces prioritarias y sirena para dirigirse urgentemente a auxiliar en un accidente y, mientras realizaba una maniobra de adelantamiento al veh\u00edculo que le preced\u00eda, \u00e9ste gir\u00f3 hacia la izquierda ocasionando la  colisi\u00f3n froto-lateral de la motocicleta conducida por el agente contra el mismo. <\/p>\n<p>Cabo 1\u00ba Rafael Gonz\u00e1lez Novales <\/p>\n<p>Rafael Gonz\u00e1lez, naci\u00f3 en 1971 en la localidad de Barbastro (Huesca).  Ingres\u00f3 en la Academia de la Guardia Civil de Ubeda-Baeza en 1990. A lo largo de su carrera ha ocupado diversos destinos, entre los que destacan el Puesto en Angues (Huesca), el N\u00facleo de Servicios de Bilbao, los Destacamentos de Tr\u00e1fico de Fraga y Barbastro (Huesca), de Benicarlo (Castell\u00f3n), el Subsector de Tr\u00e1fico de Guadalajara y el Destacamento de Tr\u00e1fico de A\u00ednsa (Huesca), donde fue destinado el pasado mes de marzo. <\/p>\n","protected":false},"excerpt":{"rendered":"<p>El ministro del Interior, Juan Ignacio Zoido, acompa\u00f1ado por el director general de la Guardia Civil, Jos\u00e9 Manuel Holgado, ha condecorado, a t\u00edtulo p\u00f3stumo, con la Cruz de la Orden del M\u00e9rito de la Guardia Civil con distintivo rojo al agente de la Guardia Civil, Rafael Gonz\u00e1lez, de 45 a\u00f1os de edad, fallecido ayer en <\/p>\n","protected":false},"author":1,"featured_media":3391,"comment_status":"closed","ping_status":"closed","sticky":false,"template":"","format":"standard","meta":{"footnotes":""},"categories":[12],"tags":[],"class_list":["post-3389","post","type-post","status-publish","format-standard","has-post-thumbnail","hentry","category-ultima-hora"],"wps_subtitle":"","_links":{"self":[{"href":"https:\/\/www.elbuscadordeldetective.info\/index.php?rest_route=\/wp\/v2\/posts\/3389","targetHints":{"allow":["GET"]}}],"collection":[{"href":"https:\/\/www.elbuscadordeldetective.info\/index.php?rest_route=\/wp\/v2\/posts"}],"about":[{"href":"https:\/\/www.elbuscadordeldetective.info\/index.php?rest_route=\/wp\/v2\/types\/post"}],"author":[{"embeddable":true,"href":"https:\/\/www.elbuscadordeldetective.info\/index.php?rest_route=\/wp\/v2\/users\/1"}],"replies":[{"embeddable":true,"href":"https:\/\/www.elbuscadordeldetective.info\/index.php?rest_route=%2Fwp%2Fv2%2Fcomments&post=3389"}],"version-history":[{"count":1,"href":"https:\/\/www.elbuscadordeldetective.info\/index.php?rest_route=\/wp\/v2\/posts\/3389\/revisions"}],"predecessor-version":[{"id":3390,"href":"https:\/\/www.elbuscadordeldetective.info\/index.php?rest_route=\/wp\/v2\/posts\/3389\/revisions\/3390"}],"wp:featuredmedia":[{"embeddable":true,"href":"https:\/\/www.elbuscadordeldetective.info\/index.php?rest_route=\/wp\/v2\/media\/3391"}],"wp:attachment":[{"href":"https:\/\/www.elbuscadordeldetective.info\/index.php?rest_route=%2Fwp%2Fv2%2Fmedia&parent=3389"}],"wp:term":[{"taxonomy":"category","embeddable":true,"href":"https:\/\/www.elbuscadordeldetective.info\/index.php?rest_route=%2Fwp%2Fv2%2Fcategories&post=3389"},{"taxonomy":"post_tag","embeddable":true,"href":"https:\/\/www.elbuscadordeldetective.info\/index.php?rest_route=%2Fwp%2Fv2%2Ftags&post=3389"}],"curies":[{"name":"wp","href":"https:\/\/api.w.org\/{rel}","templated":true}]}}