{"id":3439,"date":"2017-07-26T06:25:47","date_gmt":"2017-07-26T04:25:47","guid":{"rendered":"http:\/\/www.eldetectivepress.org\/?p=3439"},"modified":"2017-07-26T06:35:45","modified_gmt":"2017-07-26T04:35:45","slug":"comision-policia-los-angeles-considero-justificados-disparos-contra-2-jovenes","status":"publish","type":"post","link":"https:\/\/www.elbuscadordeldetective.info\/?p=3439","title":{"rendered":"Comisi\u00f3n Polic\u00eda Los \u00c1ngeles consider\u00f3 justificados disparos contra 2 j\u00f3venes"},"content":{"rendered":"<p>La Comisi\u00f3n de la Polic\u00eda de Los \u00c1ngeles, un organismo civil que supervisa las acciones del Departamento de Polic\u00eda (LAPD), consider\u00f3 hoy que los disparos realizados por agentes de Boyle Heights contra un adolescente hispano que muri\u00f3 a causa de las balas fueron justificados.<\/p>\n<p>En una votaci\u00f3n de tres a favor y uno en contra, la Comisi\u00f3n encontr\u00f3 hoy que los disparos realizados por el agente Ed\u00e9n Medina que causaron la muerte al joven Jesse Romero, de 14 a\u00f1os, fueron justificados seg\u00fan el reglamento del LAPD.<\/p>\n<p>Romero, quien hubiera cumplido 16 a\u00f1os el pr\u00f3ximo 24 de agosto, muri\u00f3 a causa de dos disparos que recibi\u00f3 cuando hu\u00eda de la polic\u00eda el 9 de agosto de 2016 en Boyle Heights al este de Los \u00c1ngeles.<\/p>\n<p>El LAPD inform\u00f3 que cuando los agentes respondieron a una llamada denunciando que alguien estaba cometiendo actos vand\u00e1licos con grafiti en una propiedad, encontraron a tres hombres en el lugar se\u00f1alado.<\/p>\n<p>Agreg\u00f3 que cuando la polic\u00eda se acerc\u00f3 hacia los tres, Romero \u00abinmediatamente huy\u00f3 de los oficiales, mientras agarraba la parte frontal de su cintura\u00bb, lo que oblig\u00f3 a los agentes a iniciar una persecuci\u00f3n a pie.<\/p>\n<p>Durante la persecuci\u00f3n se escuch\u00f3 un disparo y los agentes respondieron al fuego, dando muerte al adolescente.<\/p>\n<p>Un revolver fue encontrado a unos 10 pies (3 m) del cuerpo de Romero al otro lado de una cerca met\u00e1lica.<\/p>\n<p>Los representantes de la familia de Romero alegan que el joven no dispar\u00f3 contra los agentes sino que tir\u00f3 el arma por encima de la cerca y se dispar\u00f3 al caer al pavimento.<\/p>\n<p>Los padres del hispano presentaron una demanda civil contra la ciudad y el oficial Medina el 23 de junio, alegando que la ciudad ha sido permisiva con este tipo de conductas de los agentes.<\/p>\n<p>\u00abYo s\u00f3lo quiero justicia para mi hijo, por favor\u00bb, dijo hoy Teresa Dom\u00ednguez, madre de Jesse, durante una intervenci\u00f3n previa a la decisi\u00f3n de la junta.<\/p>\n<p>En otra votaci\u00f3n un\u00e1nime, la Comisi\u00f3n consider\u00f3 que los disparos que cobraron la vida de Kenney Watkins, de 18 a\u00f1os, tambi\u00e9n se hicieron siguiendo las normas de la polic\u00eda.<\/p>\n<p>Los hechos ocurrieron una semana despu\u00e9s de la muerte de Romero, cuando el agente Evan Ur\u00edas quiso detener un autom\u00f3vil que no ten\u00eda placas y Watkins, que viajaba como pasajero, sali\u00f3 del auto y comenz\u00f3 a huir.<\/p>\n<p>Durante la persecuci\u00f3n, el polic\u00eda, que ya hab\u00eda visto que Watkins ten\u00eda un arma en su mano y alcanz\u00f3 a ver parte de otra en su cintura, dispar\u00f3 contra el joven. Luego, junto al cuerpo de Watkins se encontraron dos armas.<\/p>\n<p>En su defensa, Ur\u00edas argument\u00f3 que su vida y la de su compa\u00f1ero estaban en peligro.<\/p>\n<p>La familia de Watkins, que tambi\u00e9n present\u00f3 una demanda legal reclamando que su hijo no estaba armado y que la polic\u00eda abus\u00f3 de su autoridad, no estuvo presente en la sesi\u00f3n de hoy.<\/p>\n<p>Activistas, especialmente miembros de Black Lives Matter, pidieron que se aplazara la decisi\u00f3n, petici\u00f3n que no fue aceptada por los procedimientos de la Comisi\u00f3n.<\/p>\n<p>Ante los reclamos airados de los activistas, la polic\u00eda declar\u00f3 ilegal la protesta y procedi\u00f3 a desalojar el recinto.<\/p>\n","protected":false},"excerpt":{"rendered":"<p>La Comisi\u00f3n de la Polic\u00eda de Los \u00c1ngeles, un organismo civil que supervisa las acciones del Departamento de Polic\u00eda (LAPD), consider\u00f3 hoy que los disparos realizados por agentes de Boyle Heights contra un adolescente hispano que muri\u00f3 a causa de las balas fueron justificados. En una votaci\u00f3n de tres a favor y uno en contra, <\/p>\n","protected":false},"author":1,"featured_media":3447,"comment_status":"closed","ping_status":"closed","sticky":false,"template":"","format":"standard","meta":{"footnotes":""},"categories":[42,4],"tags":[],"class_list":["post-3439","post","type-post","status-publish","format-standard","has-post-thumbnail","hentry","category-america-del-norte","category-el-mundo-del-detective"],"wps_subtitle":"","_links":{"self":[{"href":"https:\/\/www.elbuscadordeldetective.info\/index.php?rest_route=\/wp\/v2\/posts\/3439","targetHints":{"allow":["GET"]}}],"collection":[{"href":"https:\/\/www.elbuscadordeldetective.info\/index.php?rest_route=\/wp\/v2\/posts"}],"about":[{"href":"https:\/\/www.elbuscadordeldetective.info\/index.php?rest_route=\/wp\/v2\/types\/post"}],"author":[{"embeddable":true,"href":"https:\/\/www.elbuscadordeldetective.info\/index.php?rest_route=\/wp\/v2\/users\/1"}],"replies":[{"embeddable":true,"href":"https:\/\/www.elbuscadordeldetective.info\/index.php?rest_route=%2Fwp%2Fv2%2Fcomments&post=3439"}],"version-history":[{"count":1,"href":"https:\/\/www.elbuscadordeldetective.info\/index.php?rest_route=\/wp\/v2\/posts\/3439\/revisions"}],"predecessor-version":[{"id":3440,"href":"https:\/\/www.elbuscadordeldetective.info\/index.php?rest_route=\/wp\/v2\/posts\/3439\/revisions\/3440"}],"wp:featuredmedia":[{"embeddable":true,"href":"https:\/\/www.elbuscadordeldetective.info\/index.php?rest_route=\/wp\/v2\/media\/3447"}],"wp:attachment":[{"href":"https:\/\/www.elbuscadordeldetective.info\/index.php?rest_route=%2Fwp%2Fv2%2Fmedia&parent=3439"}],"wp:term":[{"taxonomy":"category","embeddable":true,"href":"https:\/\/www.elbuscadordeldetective.info\/index.php?rest_route=%2Fwp%2Fv2%2Fcategories&post=3439"},{"taxonomy":"post_tag","embeddable":true,"href":"https:\/\/www.elbuscadordeldetective.info\/index.php?rest_route=%2Fwp%2Fv2%2Ftags&post=3439"}],"curies":[{"name":"wp","href":"https:\/\/api.w.org\/{rel}","templated":true}]}}