{"id":3493,"date":"2017-07-27T00:21:11","date_gmt":"2017-07-26T22:21:11","guid":{"rendered":"http:\/\/www.eldetectivepress.org\/?p=3493"},"modified":"2017-07-27T00:22:38","modified_gmt":"2017-07-26T22:22:38","slug":"predicador-islamista-aleman-condenado-por-apoyo-al-terrorismo","status":"publish","type":"post","link":"https:\/\/www.elbuscadordeldetective.info\/?p=3493","title":{"rendered":"Predicador islamista alem\u00e1n condenado por apoyo al terrorismo"},"content":{"rendered":"<p>La Audiencia Terrotorial de D\u00fcsseldorf (oeste de Alemania) conden\u00f3 hoy a cinco a\u00f1os y medio de c\u00e1rcel al predicador islamista Sven Lau por apoyo a la banda terrorista Jamwa, que opera en Siria.<\/p>\n<p>Lau, junto con Pierre Vogel, es uno de los rostros m\u00e1s conocidos del islamismo radical en Alemania.<\/p>\n<p>La fiscal\u00eda hab\u00eda pedido seis a\u00f1os y medio de c\u00e1rcel por apoyo a un grupo terrorista extranjero bajo el pretexto de prestar ayuda humanitaria.<\/p>\n<p>El tribunal consider\u00f3 probado que Lau hab\u00eda reclutado combatientes para Jamwa y que hab\u00eda enviado ayuda log\u00edstica por valor de varios cientos de euros.<\/p>\n<p>Jamwa, seg\u00fan la fiscal\u00eda, busca el establecimiento de un califato y muchos de sus miembros han pasado despu\u00e9s a formar parte del grupo terrorista \u00abEstado Isl\u00e1mico\u00bb.<\/p>\n<p>Adem\u00e1s Lau, apoyado por Pierre Vogel, ha creado una red salafista en Alemania que actualmente controla y fue uno de los creadores de la autodenominada \u00abpolic\u00eda de la Sharia\u00bb que recorri\u00f3 en 2014 las calles de Wuppertal (oeste del pa\u00eds) exigi\u00e9ndole a la gente que se comportaran de acuerdo con las creencias musulmanas.<\/p>\n<p>El abogado de Lau, Mutlu G\u00fcnal, hab\u00eda pedido la absoluci\u00f3n de su defendido con el argumento de que los cargos en su contra se basaban en declaraciones de un terrorista condenado que buscaba reducir el tiempo que tendr\u00e1 que pasar en la c\u00e1rcel.<\/p>\n<p>El proceso en contra de Lau, un bombero de M\u00f6nchengladbach (oeste del pa\u00eds), se inici\u00f3 en septiembre del a\u00f1o pasado, Desde entonces, fueron interrogados 28 testigos y dos peritos.<\/p>\n<p>Las actividades por las que fue condenado Lau se iniciaron en 2013. EFE<\/p>\n","protected":false},"excerpt":{"rendered":"<p>La Audiencia Terrotorial de D\u00fcsseldorf (oeste de Alemania) conden\u00f3 hoy a cinco a\u00f1os y medio de c\u00e1rcel al predicador islamista Sven Lau por apoyo a la banda terrorista Jamwa, que opera en Siria. Lau, junto con Pierre Vogel, es uno de los rostros m\u00e1s conocidos del islamismo radical en Alemania. La fiscal\u00eda hab\u00eda pedido seis <\/p>\n","protected":false},"author":1,"featured_media":3496,"comment_status":"closed","ping_status":"closed","sticky":false,"template":"","format":"standard","meta":{"footnotes":""},"categories":[33],"tags":[],"class_list":["post-3493","post","type-post","status-publish","format-standard","has-post-thumbnail","hentry","category-politica-uncategorized"],"wps_subtitle":"","_links":{"self":[{"href":"https:\/\/www.elbuscadordeldetective.info\/index.php?rest_route=\/wp\/v2\/posts\/3493","targetHints":{"allow":["GET"]}}],"collection":[{"href":"https:\/\/www.elbuscadordeldetective.info\/index.php?rest_route=\/wp\/v2\/posts"}],"about":[{"href":"https:\/\/www.elbuscadordeldetective.info\/index.php?rest_route=\/wp\/v2\/types\/post"}],"author":[{"embeddable":true,"href":"https:\/\/www.elbuscadordeldetective.info\/index.php?rest_route=\/wp\/v2\/users\/1"}],"replies":[{"embeddable":true,"href":"https:\/\/www.elbuscadordeldetective.info\/index.php?rest_route=%2Fwp%2Fv2%2Fcomments&post=3493"}],"version-history":[{"count":2,"href":"https:\/\/www.elbuscadordeldetective.info\/index.php?rest_route=\/wp\/v2\/posts\/3493\/revisions"}],"predecessor-version":[{"id":3495,"href":"https:\/\/www.elbuscadordeldetective.info\/index.php?rest_route=\/wp\/v2\/posts\/3493\/revisions\/3495"}],"wp:featuredmedia":[{"embeddable":true,"href":"https:\/\/www.elbuscadordeldetective.info\/index.php?rest_route=\/wp\/v2\/media\/3496"}],"wp:attachment":[{"href":"https:\/\/www.elbuscadordeldetective.info\/index.php?rest_route=%2Fwp%2Fv2%2Fmedia&parent=3493"}],"wp:term":[{"taxonomy":"category","embeddable":true,"href":"https:\/\/www.elbuscadordeldetective.info\/index.php?rest_route=%2Fwp%2Fv2%2Fcategories&post=3493"},{"taxonomy":"post_tag","embeddable":true,"href":"https:\/\/www.elbuscadordeldetective.info\/index.php?rest_route=%2Fwp%2Fv2%2Ftags&post=3493"}],"curies":[{"name":"wp","href":"https:\/\/api.w.org\/{rel}","templated":true}]}}