{"id":4300,"date":"2017-10-06T21:00:15","date_gmt":"2017-10-06T19:00:15","guid":{"rendered":"http:\/\/www.eldetectivepress.org\/?p=4300"},"modified":"2017-10-06T21:03:24","modified_gmt":"2017-10-06T19:03:24","slug":"el-viceconsejero-de-seguridad-inaugura-el-iii-congreso-de-seguridad-privada-en-euskadi","status":"publish","type":"post","link":"https:\/\/www.elbuscadordeldetective.info\/?p=4300","title":{"rendered":"El viceconsejero de Seguridad inaugura el III Congreso de Seguridad Privada en Euskadi"},"content":{"rendered":"<p>Bajo el lema \u2018Seguridad, un trabajo de todos\u2019 se centra en analizar los nuevos retos del sector<\/p>\n<p class=\"r01AlignJustify\">El viceconsejero de Seguridad del Gobierno vasco, Josu Zubiaga, ha inaugurado hoy, en el Bizkaia Aretoa de Bilbao, el III Congreso de Seguridad Privada en Euskadi, organizado por Pelda\u00f1o (editora de la revista \u2018Cuadernos de Seguridad\u2019), con la colaboraci\u00f3n del Gobierno Vasco, la Ertzaintza, el Ayuntamiento de Bilbao y la Asociaci\u00f3n Vasca de Profesionales de Seguridad (SAE). El Congreso, en el que intervienen tambi\u00e9n el director de Coordinaci\u00f3n de Seguridad y el jefe de la Unidad de Seguridad Privada de la Ertzaintza, se extiende a lo largo de toda la jornada de hoy y cuenta con la participaci\u00f3n de un importante elenco de especialistas en seguridad de todo el Estado. En el marco de la jornada se ha procedido a entregar un reconocimiento al Servicio de Relaciones Institucionales y de Comunicaci\u00f3n de la Ertzaintza por potenciar la colaboraci\u00f3n entre esta instituci\u00f3n y el sector de la seguridad privada.<\/p>\n<p class=\"r01AlignJustify\">El viceconsejero ha destacado en su presentaci\u00f3n que\u00a0<em>\u00abla colaboraci\u00f3n entre los servicios de seguridad y el servicio policial p\u00fablico e integral que la Ertzaintza ejerce en el d\u00eda a d\u00eda, es hoy m\u00e1s importante que nunca<\/em>\u201d. De hecho, ha indicado, que\u00a0<em>\u201cno cabe ya llegar a comprender y explicar una pol\u00edtica de seguridad p\u00fablica integral y competente sin tomar en consideraci\u00f3n lo que el sector de la seguridad privada aporta y representa<\/em>\u201d.<\/p>\n<p class=\"r01AlignJustify\">Ante esta situaci\u00f3n, ha abogado por \u201c<em>compartir objetivos y desarrollar iniciativas colaborativas desde una concepci\u00f3n complementaria e integradora de los que supone planificar y ejecutar pol\u00edticas que contribuyan proactivamente a la seguridad de Euskadi, tanto desde el \u00e1mbito de lo p\u00fablico como desde el \u00e1mbito de lo privado<\/em>\u201d.<\/p>\n<p class=\"r01AlignJustify\">Tras la inauguraci\u00f3n, la jornada de trabajo ha comenzado con una exposici\u00f3n de Lourdes Oroz, vicepresidenta de Pribatua (Asociaci\u00f3n Vasca de Privacidad y Seguridad de la informaci\u00f3n), sobre el nuevo Reglamento Europeo de Protecci\u00f3n de Datos y su impacto en la normativa actual.<\/p>\n<p class=\"r01AlignJustify\">Seguidamente, Manuel Mart\u00ednez, responsable del \u00e1rea de protecci\u00f3n activa de Tecnifuego-AESPI, ha explicado las novedades del nuevo RIPCI para el usuario de la seguridad contra incendios.<\/p>\n<p class=\"r01AlignJustify\">A continuaci\u00f3n, la primera mesa de debate de la jornada \u2018Hacia la seguridad integral\u2019, moderada por I\u00f1igo Ugalde, vicepresidente de SAE (Asociaci\u00f3n Vasca de directores de Seguridad), ha contado con la participaci\u00f3n de Jos\u00e9 Mar\u00eda Arana y Alfonso Bilbao, presidente y miembro respectivamente de dicha asociaci\u00f3n y del director de Coordinaci\u00f3n de Seguridad del Departamento vasco de Seguridad, Rodrigo Gartzia.<\/p>\n<p class=\"r01AlignJustify\">La segunda mesa de debate ha analizado la implantaci\u00f3n de pol\u00edticas de ciberseguridad en las corporaciones. La mesa ha estado moderada por \u00c1lvaro Ubierna, presidente de AITPV (Asociaci\u00f3n de Ingenier\u00eda de Telecomunicaci\u00f3n de Euskadi), y en la misma han participado Roberto Vilela, director del centro de operaciones y nuevos servicios de Techco Security, Bosco Espinosa de los Monteros. key presales Manager de Kaspersky Lab, Ricardo Ca\u00f1izares, director de consultor\u00eda de Eulen Seguridad, y Ruth Sala, abogada penalista especializada en delincuencia inform\u00e1tica.<\/p>\n<p class=\"r01AlignJustify\">El Congreso continuar\u00e1 esta tarde con la presentaci\u00f3n del Centro Vasco de Ciberseguridad por su director, Javier Di\u00e9guez. El Centro es un organismo innovador que convertir\u00e1 a Euskadi en referencia de la tecnolog\u00eda de la informaci\u00f3n.<\/p>\n<p class=\"r01AlignJustify\">La \u00faltima mesa de debate se centrar\u00e1 esta tarde en analizar la \u2018Visi\u00f3n de la administraci\u00f3n ante la nueva normativa de Seguridad Privada\u2019. El debate estar\u00e1 moderado por Iv\u00e1n Rubio, director del \u00c1rea de Seguridad de Pelda\u00f1o., y en el mismo participar\u00e1n Francisco Llaneza, jefe de la Unidad de Seguridad Privada de la Ertzaintza, Manuel Yanguas, jefe de la Unidad Central de Seguridad Privada del Cuerpo Nacional de Polic\u00eda, Jos\u00e9 Antonio Montero, jefe de la Secci\u00f3n de Gesti\u00f3n de Seguridad Privada de la Guardia Civil, y Carles Castellano, jefe de la Unidad Central de Seguridad Privada de los Mossos d\u00b4Esquadra.<\/p>\n<p class=\"r01AlignJustify\">El evento finalizar\u00e1 con una recepci\u00f3n a los asistentes en el Ayuntamiento de Bilbao, presidida por el concejal de Seguridad, Tom\u00e1s del Hierro.<\/p>\n<p><strong>Reconocimiento para el Servicio de Relaciones Institucionales y de Comunicaci\u00f3n de la Ertzaintza<\/strong><\/p>\n<p class=\"r01AlignJustify\">En el marco del Congreso se ha procedido a entregar un reconocimiento al Servicio de Relaciones Institucionales y de Comunicaci\u00f3n de la Ertzaintza por \u201cdifundir y potenciar la colaboraci\u00f3n entre la Ertzaintza y el sector de la Seguridad Privada\u201d. \u00b7El premio, bajo el ep\u00edgrafe\u00a0<em>\u201cContribuci\u00f3n a divulgar una seguridad al servicio de todos y todas\u201d\u00a0<\/em>ha sido recogido por el responsable del SRIC de la Ertzaintza, el intendente Lucio Cobos, de manos de la redactora jefa de la revista Cuadernos de Seguridad, Gemma Ju\u00e1nez.<\/p>\n<p>&nbsp;<\/p>\n","protected":false},"excerpt":{"rendered":"<p>Bajo el lema \u2018Seguridad, un trabajo de todos\u2019 se centra en analizar los nuevos retos del sector El viceconsejero de Seguridad del Gobierno vasco, Josu Zubiaga, ha inaugurado hoy, en el Bizkaia Aretoa de Bilbao, el III Congreso de Seguridad Privada en Euskadi, organizado por Pelda\u00f1o (editora de la revista \u2018Cuadernos de Seguridad\u2019), con la <\/p>\n","protected":false},"author":1,"featured_media":4302,"comment_status":"closed","ping_status":"closed","sticky":false,"template":"","format":"standard","meta":{"footnotes":""},"categories":[26],"tags":[],"class_list":["post-4300","post","type-post","status-publish","format-standard","has-post-thumbnail","hentry","category-seguridad-privada"],"wps_subtitle":"","_links":{"self":[{"href":"https:\/\/www.elbuscadordeldetective.info\/index.php?rest_route=\/wp\/v2\/posts\/4300","targetHints":{"allow":["GET"]}}],"collection":[{"href":"https:\/\/www.elbuscadordeldetective.info\/index.php?rest_route=\/wp\/v2\/posts"}],"about":[{"href":"https:\/\/www.elbuscadordeldetective.info\/index.php?rest_route=\/wp\/v2\/types\/post"}],"author":[{"embeddable":true,"href":"https:\/\/www.elbuscadordeldetective.info\/index.php?rest_route=\/wp\/v2\/users\/1"}],"replies":[{"embeddable":true,"href":"https:\/\/www.elbuscadordeldetective.info\/index.php?rest_route=%2Fwp%2Fv2%2Fcomments&post=4300"}],"version-history":[{"count":1,"href":"https:\/\/www.elbuscadordeldetective.info\/index.php?rest_route=\/wp\/v2\/posts\/4300\/revisions"}],"predecessor-version":[{"id":4301,"href":"https:\/\/www.elbuscadordeldetective.info\/index.php?rest_route=\/wp\/v2\/posts\/4300\/revisions\/4301"}],"wp:featuredmedia":[{"embeddable":true,"href":"https:\/\/www.elbuscadordeldetective.info\/index.php?rest_route=\/wp\/v2\/media\/4302"}],"wp:attachment":[{"href":"https:\/\/www.elbuscadordeldetective.info\/index.php?rest_route=%2Fwp%2Fv2%2Fmedia&parent=4300"}],"wp:term":[{"taxonomy":"category","embeddable":true,"href":"https:\/\/www.elbuscadordeldetective.info\/index.php?rest_route=%2Fwp%2Fv2%2Fcategories&post=4300"},{"taxonomy":"post_tag","embeddable":true,"href":"https:\/\/www.elbuscadordeldetective.info\/index.php?rest_route=%2Fwp%2Fv2%2Ftags&post=4300"}],"curies":[{"name":"wp","href":"https:\/\/api.w.org\/{rel}","templated":true}]}}