{"id":4398,"date":"2017-10-10T21:02:41","date_gmt":"2017-10-10T19:02:41","guid":{"rendered":"http:\/\/www.eldetectivepress.org\/?p=4398"},"modified":"2017-10-10T21:03:46","modified_gmt":"2017-10-10T19:03:46","slug":"puigdemont-declara-y-suspende-la-independencia","status":"publish","type":"post","link":"https:\/\/www.elbuscadordeldetective.info\/?p=4398","title":{"rendered":"Puigdemont declara y suspende la independencia"},"content":{"rendered":"<p>El presidente de la Generalitat Carles Puigdemont ha declarado la independencia de Catalu\u00f1a pero ha pedido suspender, durante varias semanas, los efectos de esa declaraci\u00f3n \u201cpara emprender un di\u00e1logo, para llegar a una soluci\u00f3n acordada para avanzar en las demandas del pueblo de Catalu\u00f1a\u201d. \u201cCon los resultados del 1 de octubre, Catalu\u00f1a se ha ganado el derecho a ser un estado independiente\u201d, ha dicho Puigdemont ante el Parlament. \u201cSi todo el mundo act\u00faa con responsabilidad, el conflicto se puede resolver de manera serena. Por nosotros no quedar\u00e1\u201d, ha indicado.<\/p>\n<p>Como justificaci\u00f3n a su intenci\u00f3n de asumir \u201cel mandato del pueblo para que Catalu\u00f1a se convierta en un estado independiente en forma de rep\u00fablica\u00bb, Puigdemont ha hecho referencia a \u201cun consenso ampl\u00edsimo y transversal\u201d que sosten\u00eda que el futuro \u201clo ten\u00edan que decidir los catalanes a trav\u00e9s de un refer\u00e9ndum\u201d. Y sobre el intento de di\u00e1logo con el Estado ha interpretado que la respuesta ha sido \u201cuna negativa radical y absoluta y combinada con la persecuci\u00f3n de las instituciones catalanas\u201d. \u201cNo somos unos delincuentes, ni unos locos, ni golpistas ni abducidos\u201d, ha dicho Puigdemont en castellano. \u201cNo tenemos nada contra Espa\u00f1a y los espa\u00f1oles\u201d, ha seguido para luego recurrir a la \u201crelaci\u00f3n que no funciona\u201d para justificar su decisi\u00f3n.<\/p>\n<p>El mandatario catal\u00e1n ha agradecido la colaboraci\u00f3n de todas las personas que colaboraron en la organizaci\u00f3n de la consulta, ha hablado de los \u00abviolentos ataques policiales\u00bb contra los manifestantes y ha tenido palabras de recuerdo para las m\u00e1s de 800 personas que fueron atendidas. El objetivo de las acciones policiales, ha dicho, era \u00absembrar el miedo\u00bb, en lo que ha calificado de un hecho sin precedentes en las democracias europeas. Previamente, Puigdemont ha advertido que no se esperara de su intervenci\u00f3n \u00abni amenazas de insultos\u00bb.<\/p>\n<p>A partir de esa primera exposici\u00f3n, Puigdemont ha tirado del guion habitual del secesionismo para recordar la contribuci\u00f3n de Catalu\u00f1a a la modernizaci\u00f3n de Espa\u00f1a, su apuesta por la Constituci\u00f3n Espa\u00f1ola y \u00ablas 18 veces documentadas\u00bb que Catalu\u00f1a ha intentado negociar con el Gobierno de todas las maneras posibles. En ese cap\u00edtulo tambi\u00e9n ha tenido un recuerdo para la sentencia del Estatut de \u00abinfausto recuerdo\u00bb y ha a\u00f1adido que \u00abel pueblo de Catalu\u00f1a reclama desde hace a\u00f1os libertad para poder decidir y no hemos encontrado interlocutores en el pasado ni el presente\u00bb.<\/p>\n<p>Puigdemont tambi\u00e9n ha criticado el discurso del Rey. \u00abEl discurso de la semana pasada confirm\u00f3 la peor de las hip\u00f3tesis posible\u00bb, ha a\u00f1adido, antes de a\u00f1adir que Catalu\u00f1a se ha ganado el derecho a ser un Estado independiente.<\/p>\n<p>La l\u00edder de Ciudadanos en Catalu\u00f1a, In\u00e9s Arrimadas, ha acusado al presidente de la Generalitat de poner \u00aben riesgo la autonom\u00eda\u00bb catalana y al Parlament con su proceso hacia la independencia. En su intervenci\u00f3n en el pleno, ha dicho que ha puesto a una instituci\u00f3n, \u00abque se pas\u00f3 d\u00e9cadas tapiadas durante una dictadura, en peligro, y que haya pulverizado\u00bb contenidos del Estatut no recortados por el Tribunal Constitucional, sino refrendados por los catalanes, como el Consell de Garanties Estatut\u00e0ries.<\/p>\n<p>El l\u00edder del PSC, Miquel Iceta, ha considerado hoy que el presidente catal\u00e1n \u00abno puede suspender una declaraci\u00f3n (de independencia) que no ha hecho\u00bb y le ha pedido convocar elecciones para que los catalanes voten \u00abcon garant\u00edas\u00bb, porque \u00abno queremos volver atr\u00e1s 300 a\u00f1os ni cuarenta\u00bb. En su intervenci\u00f3n posterior, Iceta le ha reprochado que \u00abasuma un mandato discutible y proponga suspender una declaraci\u00f3n no hecha. No se puede suspender una declaraci\u00f3n que no se ha tomado\u00bb. Por su parte, el presidente de Catalunya S\u00ed Que Es Pot, Llu\u00eds Rabell, ha considerado hoy que el momento actual requiere \u00abvalent\u00eda y coraje\u00bb para acometer un di\u00e1logo que permita la celebraci\u00f3n de un refer\u00e9ndum acordado, con reconocimiento y con garant\u00edas, a diferencia del 1-O, que no ha dado este mandato.<\/p>\n<p>\u00abEl Estado de derecho no va a permitir ninguna rep\u00fablica independiente de Catalu\u00f1a. \u00bfUsted pretende declararla? No nos ha quedado muy claro ya que juegan al despiste\u00bb, ha expresado el l\u00edder del PP catal\u00e1n, Xavier Garc\u00eda Albiol. \u00abCatalu\u00f1a y Espa\u00f1a no pueden seguir ni un minuto m\u00e1s instalados en esta inseguridad. Llegar\u00e1 un d\u00eda en que todos recordemos con verg\u00fcenza este periodo negro, en que muchos de ustedes negar\u00e1n haber formado parte de este proceso de segregaci\u00f3n\u00bb.<\/p>\n<p>Por su parte, la diputada de la CUP Anna Gabriel, ha afirmado: \u00abPensamos que lo que iba a suceder era la proclamaci\u00f3n solemne de la rep\u00fablica catalana. Cre\u00edamos que hoy era lo que tocaba hacer y tal vez hemos perdido una ocasi\u00f3n, y decimos tal vez, porque el \u00fanico medio de negociaci\u00f3n con el Estado espa\u00f1ol es la rep\u00fablica catalana\u00bb.<\/p>\n","protected":false},"excerpt":{"rendered":"<p>El presidente de la Generalitat Carles Puigdemont ha declarado la independencia de Catalu\u00f1a pero ha pedido suspender, durante varias semanas, los efectos de esa declaraci\u00f3n \u201cpara emprender un di\u00e1logo, para llegar a una soluci\u00f3n acordada para avanzar en las demandas del pueblo de Catalu\u00f1a\u201d. \u201cCon los resultados del 1 de octubre, Catalu\u00f1a se ha ganado <\/p>\n","protected":false},"author":1,"featured_media":4402,"comment_status":"closed","ping_status":"closed","sticky":false,"template":"","format":"standard","meta":{"footnotes":""},"categories":[12,1],"tags":[],"class_list":["post-4398","post","type-post","status-publish","format-standard","has-post-thumbnail","hentry","category-ultima-hora","category-uncategorized"],"wps_subtitle":"","_links":{"self":[{"href":"https:\/\/www.elbuscadordeldetective.info\/index.php?rest_route=\/wp\/v2\/posts\/4398","targetHints":{"allow":["GET"]}}],"collection":[{"href":"https:\/\/www.elbuscadordeldetective.info\/index.php?rest_route=\/wp\/v2\/posts"}],"about":[{"href":"https:\/\/www.elbuscadordeldetective.info\/index.php?rest_route=\/wp\/v2\/types\/post"}],"author":[{"embeddable":true,"href":"https:\/\/www.elbuscadordeldetective.info\/index.php?rest_route=\/wp\/v2\/users\/1"}],"replies":[{"embeddable":true,"href":"https:\/\/www.elbuscadordeldetective.info\/index.php?rest_route=%2Fwp%2Fv2%2Fcomments&post=4398"}],"version-history":[{"count":1,"href":"https:\/\/www.elbuscadordeldetective.info\/index.php?rest_route=\/wp\/v2\/posts\/4398\/revisions"}],"predecessor-version":[{"id":4401,"href":"https:\/\/www.elbuscadordeldetective.info\/index.php?rest_route=\/wp\/v2\/posts\/4398\/revisions\/4401"}],"wp:featuredmedia":[{"embeddable":true,"href":"https:\/\/www.elbuscadordeldetective.info\/index.php?rest_route=\/wp\/v2\/media\/4402"}],"wp:attachment":[{"href":"https:\/\/www.elbuscadordeldetective.info\/index.php?rest_route=%2Fwp%2Fv2%2Fmedia&parent=4398"}],"wp:term":[{"taxonomy":"category","embeddable":true,"href":"https:\/\/www.elbuscadordeldetective.info\/index.php?rest_route=%2Fwp%2Fv2%2Fcategories&post=4398"},{"taxonomy":"post_tag","embeddable":true,"href":"https:\/\/www.elbuscadordeldetective.info\/index.php?rest_route=%2Fwp%2Fv2%2Ftags&post=4398"}],"curies":[{"name":"wp","href":"https:\/\/api.w.org\/{rel}","templated":true}]}}