{"id":4467,"date":"2017-10-13T01:30:39","date_gmt":"2017-10-12T23:30:39","guid":{"rendered":"http:\/\/www.eldetectivepress.org\/?p=4467"},"modified":"2017-10-13T01:34:27","modified_gmt":"2017-10-12T23:34:27","slug":"guadalajara-homenajea-a-la-guardia-civil","status":"publish","type":"post","link":"https:\/\/www.elbuscadordeldetective.info\/?p=4467","title":{"rendered":"Guadalajara homenajea  a la Guardia Civil"},"content":{"rendered":"<p>El D\u00eda del Pilar\u00a0sirvi\u00f3 este jueves\u00a0para subrayar el trabajo que realizan m\u00e1s de 85.000 guardias civiles desplegados en el 84 por ciento del territorio nacional, dando servicio al 35 por ciento de la poblaci\u00f3n. El subdelegado del Gobierno en\u00a0<strong>Guadalajara<\/strong>, Juan Pablo S\u00e1nchez, ofreci\u00f3 estos datos durante su intervenci\u00f3n ante un teatro Buero Vallejo completamente lleno. Record\u00f3 que hay unos 2.000 cuarteles en toda Espa\u00f1a que realizan esa doble funci\u00f3n \u201cde seguridad y cercan\u00eda\u201d, a la que \u00e9l a\u00f1adi\u00f3 la de \u201ccohesi\u00f3n\u201d. Respecto a la provincia de Guadalajara, hizo hincapi\u00e9 en las tres compa\u00f1\u00edas de la Guardia Civil con las que cuentan\u2013en Guadalajara capital, Molina de Arag\u00f3n y Sig\u00fcenza\u2013 \u201cque llegan al 98 por ciento del territorio\u201d. La operatividad de sus agentes ha permitido un \u201cdescenso\u201d en las cifras de infracciones penales. As\u00ed, seg\u00fan los \u201cmagn\u00edficos\u201d datos ofrecidos por Juan Pablo S\u00e1nchez, en el periodo comprendido entre septiembre de 2016 y el mismo mes de 2017, se han registrado 687 infracciones menos, un 4,03 por ciento de reducci\u00f3n de la tasa criminal. De igual forma, en lo que llevamos de 2017 se ha reducido un 10,5 por ciento el n\u00famero de infracciones penales y se ha registrado un \u201cnotable\u201d incremento de la tasa de esclarecimiento de delitos y de detenciones. El subdelegado se refiri\u00f3 al \u00e9xito de operaciones \u201cnotables\u201d que tuvieron especial repercusi\u00f3n social, como el caso del cu\u00e1druple crimen de Pioz y la operaci\u00f3n que permiti\u00f3 desarticular una banda y detener a sus 15 miembros por varios robos en la zona de El Casar. \u201cLa Guardia Civil vela para que Guadalajara sea una de las provincias m\u00e1s seguras de Espa\u00f1a\u201d, dijo Juan Pablo S\u00e1nchez.<\/p>\n<p>El subdelegado del Gobierno en Guadalajara apel\u00f3 a los valores de la Guardia Civil de seguridad y unidad. \u201cPrecisamente en estos tiempos, estos valores cobran mayor importancia para el cumplimiento de la ley y el mantenimiento del orden\u201d. Record\u00f3 S\u00e1nchez que\u00a0 ayer tambi\u00e9n se celebraba la Fiesta Nacional, por lo que inst\u00f3 a proclamar \u201ccon orgullo\u201d el ser y el sentirse espa\u00f1oles \u201cy reivindicar la Espa\u00f1a constitucional en la que se fundamenta nuestro modelo de convivencia\u201d. Ech\u00f3 la vista atr\u00e1s para subrayar la descentralizaci\u00f3n \u201csin precedentes\u201d que se llev\u00f3 a cabo en Espa\u00f1a y que supuso el nacimiento de las 17 comunidades aut\u00f3nomas. Y en ese momento insisti\u00f3 en que a la Constituci\u00f3n \u201cla debemos respetar y defender\u201d.\u00a0 As\u00ed las cosas, \u201cante el desaf\u00edo secesionista, el Gobierno est\u00e1 obligado a establecer el orden constitucional y poner en marcha, si es preciso, el art\u00edculo 155, con prudencia pero con absoluta firmeza\u201d. Para terminar, asegur\u00f3 a los guardias civiles y polic\u00edas presentes en el acto que \u201cno est\u00e1is solos, sois el orgullo de\u00a0 los espa\u00f1oles y de los guadalajare\u00f1os\u201d.<\/p>\n<p>Tambi\u00e9n dedic\u00f3 unas palabras al auditorio el teniente\u00a0<strong>coronel jefe de la Comandancia de Guadalajara<\/strong>, Pascual Luis Segura. Durante su discurso, mostr\u00f3 las particularidades de una provincia como la de Guadalajara, \u201cextensa\u201d en territorio, lo que \u201cdificulta en ocasiones\u201d la tarea de la Guardia Civil. Pero para ello cuentan con la colaboraci\u00f3n de los ayuntamientos, \u201ca los que brindamos nuestro apoyo\u201d. Hizo tambi\u00e9n referencia a los \u201cnuevos retos y amenazas de la sociedad actual\u201d, que hacen que la Guardia Civil contin\u00fae con su \u201cesfuerzo\u201d de adaptaci\u00f3n a ellos. En cuanto a los principios y valores de la Benem\u00e9rita, Segura ech\u00f3 la vista atr\u00e1s y se\u00f1al\u00f3 que ya la cartilla de la Guardia Civil contemplaba en sus or\u00edgenes \u201creglas morales, de urbanidad y protocolo\u201d, lo que les ha convertido, de hecho, en \u201cuna de las instituciones m\u00e1s valoradas y merecedoras de la confianza de los espa\u00f1oles\u201d. De hecho, asegur\u00f3 que una de las ventajas del cuerpo es su \u201cpermanencia\u201d con \u201cindependencia\u201d de las ideolog\u00edas, dado que se trata de una organizaci\u00f3n \u201cque se adapta a la realidad social\u201d.<\/p>\n","protected":false},"excerpt":{"rendered":"<p>El D\u00eda del Pilar\u00a0sirvi\u00f3 este jueves\u00a0para subrayar el trabajo que realizan m\u00e1s de 85.000 guardias civiles desplegados en el 84 por ciento del territorio nacional, dando servicio al 35 por ciento de la poblaci\u00f3n. El subdelegado del Gobierno en\u00a0Guadalajara, Juan Pablo S\u00e1nchez, ofreci\u00f3 estos datos durante su intervenci\u00f3n ante un teatro Buero Vallejo completamente lleno. <\/p>\n","protected":false},"author":1,"featured_media":4469,"comment_status":"closed","ping_status":"closed","sticky":false,"template":"","format":"standard","meta":{"footnotes":""},"categories":[58],"tags":[],"class_list":["post-4467","post","type-post","status-publish","format-standard","has-post-thumbnail","hentry","category-eventos"],"wps_subtitle":"","_links":{"self":[{"href":"https:\/\/www.elbuscadordeldetective.info\/index.php?rest_route=\/wp\/v2\/posts\/4467","targetHints":{"allow":["GET"]}}],"collection":[{"href":"https:\/\/www.elbuscadordeldetective.info\/index.php?rest_route=\/wp\/v2\/posts"}],"about":[{"href":"https:\/\/www.elbuscadordeldetective.info\/index.php?rest_route=\/wp\/v2\/types\/post"}],"author":[{"embeddable":true,"href":"https:\/\/www.elbuscadordeldetective.info\/index.php?rest_route=\/wp\/v2\/users\/1"}],"replies":[{"embeddable":true,"href":"https:\/\/www.elbuscadordeldetective.info\/index.php?rest_route=%2Fwp%2Fv2%2Fcomments&post=4467"}],"version-history":[{"count":1,"href":"https:\/\/www.elbuscadordeldetective.info\/index.php?rest_route=\/wp\/v2\/posts\/4467\/revisions"}],"predecessor-version":[{"id":4468,"href":"https:\/\/www.elbuscadordeldetective.info\/index.php?rest_route=\/wp\/v2\/posts\/4467\/revisions\/4468"}],"wp:featuredmedia":[{"embeddable":true,"href":"https:\/\/www.elbuscadordeldetective.info\/index.php?rest_route=\/wp\/v2\/media\/4469"}],"wp:attachment":[{"href":"https:\/\/www.elbuscadordeldetective.info\/index.php?rest_route=%2Fwp%2Fv2%2Fmedia&parent=4467"}],"wp:term":[{"taxonomy":"category","embeddable":true,"href":"https:\/\/www.elbuscadordeldetective.info\/index.php?rest_route=%2Fwp%2Fv2%2Fcategories&post=4467"},{"taxonomy":"post_tag","embeddable":true,"href":"https:\/\/www.elbuscadordeldetective.info\/index.php?rest_route=%2Fwp%2Fv2%2Ftags&post=4467"}],"curies":[{"name":"wp","href":"https:\/\/api.w.org\/{rel}","templated":true}]}}