{"id":4505,"date":"2017-10-17T17:39:07","date_gmt":"2017-10-17T15:39:07","guid":{"rendered":"http:\/\/www.eldetectivepress.org\/?p=4505"},"modified":"2017-10-17T17:42:34","modified_gmt":"2017-10-17T15:42:34","slug":"330-000-personas-se-encuentra-en-situacion-de-riesgo-de-pobreza-en-extremadura","status":"publish","type":"post","link":"https:\/\/www.elbuscadordeldetective.info\/?p=4505","title":{"rendered":"330.000 personas se encuentra en situaci\u00f3n de riesgo de pobreza en Extremadura"},"content":{"rendered":"<p>330.000 personas se encuentra en situaci\u00f3n de riesgo de pobreza en Extremadura, seg\u00fan un informe realizado en el a\u00f1o 2016 por la Red Europea de Lucha contra la Pobreza y la Exclusi\u00f3n Social en el Estado Espa\u00f1ol (EAPN-es), lo que supone un 35,8 por ciento de la poblaci\u00f3n de la regi\u00f3n.<\/p>\n<p>Este estudio, denominado El estado de la pobreza. Seguimiento del indicador de pobreza y exclusi\u00f3n social en Espa\u00f1a 2008-2016, ha sido presentado este martes, 17 de octubre, por la t\u00e9cnica de EAPN en Extremadura Castillo Navarro P\u00e9rez en un acto institucional celebrado en la Asamblea de Extremadura con motivo del D\u00eda Internacional para la Erradicaci\u00f3n de la Pobreza.<\/p>\n<p>Seg\u00fan este informe, ha explicado la t\u00e9cnica de EAPN en Extremadura, la regi\u00f3n tiene la tercera tasa de poblaci\u00f3n en riesgo de pobreza o exclusi\u00f3n social \u00abm\u00e1s elevada de todas las comunidades aut\u00f3nomas\u00bb, pues es 7,9 puntos \u00absuperior\u00bb a la media nacional y se sit\u00faa en el 30,4 por ciento, por lo que ha crecido 1,4 puntos porcentuales desde 2015.<\/p>\n<p>Con respecto a Espa\u00f1a, de este informe se desprende que en el pa\u00eds la tasa de personas en riesgo de pobreza y exclusi\u00f3n social (Arope) es del 27,9 por ciento de la poblaci\u00f3n total, lo que se corresponde con un total de 12.989.405 personas, mientras que en la Uni\u00f3n Europea es del 23 por ciento, es decir, 119 millones de personas.<\/p>\n<p>Adem\u00e1s, la t\u00e9cnica de EAPN en Extremadura ha subrayado que el estudio tambi\u00e9n indica que \u00abexiste un nuevo pobre que hace cola en el supermercado, no s\u00f3lo es el que pide en la calle\u00bb, por lo que este perfil \u00abse aleja de los estereotipos\u00bb que hasta entonces exist\u00edan ya que la tasa de \u00abtrabajadores pobres\u00bb, es decir, que \u00abno superan el umbral de pobreza a pesar de tener un trabajo\u00bb, ha pasado del 14,8 por ciento en 2015 al 14,1 por ciento en 2016.<\/p>\n<p>Asimismo, ha proseguido, son las personas adultas j\u00f3venes las que tienen la tasa Arope \u00abm\u00e1s alta\u00bb con un 37,6 por ciento, seguido por la infancia con un 31,7 por ciento.<\/p>\n<p>Por otro lado, Castillo Navarro ha resaltado que existe un 2,1 por ciento de la poblaci\u00f3n espa\u00f1ola que \u00absufre los tres factores\u00bb que integran el indicador europeo Arope, que mide el riesgo de pobreza o exclusi\u00f3n social, que son el desempleo, la pobreza y la \u00abcarencia o privaci\u00f3n material severa\u00bb, porcentaje que conforman 1.025.736 personas que se encuentran en la \u00abpeor situaci\u00f3n econ\u00f3mica y social posible\u00bb.<\/p>\n<p>Pobreza severa<\/p>\n<p>Por otra parte, ha continuado Navarro, en el a\u00f1o 2016 \u00abaproximadamente\u00bb el 6,4 por ciento de la poblaci\u00f3n espa\u00f1ola, que ser\u00edan \u00abm\u00e1s de 2,9 millones de personas\u00bb, vive en \u00abpobreza severa\u00bb, es decir, viven en hogares cuyo total de ingresos por unidad de consumo es inferior a 4.104 euros al a\u00f1o o 342 euros al mes, mientras que en Extremadura esta cifra es del 6,7 por ciento, cifra \u00abmuy similar\u00bb a la media nacional y la sexta \u00abm\u00e1s alta\u00bb de todas las regiones.<\/p>\n<p>Con todo esto, la t\u00e9cnica de EAPN en Extremadura ha resaltado que este estudio muestra que en Espa\u00f1a \u00abno solo no se ha avanzado\u00bb en la reducci\u00f3n de la pobreza y la exclusi\u00f3n social, sino que \u00e9sta \u00abha aumentado\u00bb, por lo que no se ha cumplido el objetivo que el Gobierno de Espa\u00f1a se marc\u00f3 para la Estrategia Europa 2020 de \u00abreducir en entre 1.400.000 y 1.500.000 el n\u00famero de personas en riesgo de pobreza o exclusi\u00f3n social\u00bb.<\/p>\n<p>En este acto, tambi\u00e9n se encontraban presentes el vicepresidente primero de la Asamblea de Extremadura, Jos\u00e9 Andr\u00e9s Mendo; el consejero de Sanidad y Pol\u00edticas Sociales de la Junta, Jos\u00e9 Mar\u00eda Vergeles; y la presidenta de la Red Europea de Lucha contra la Pobreza y la Exclusi\u00f3n Social en Extremadura, Mar\u00eda Teresa Su\u00e1rez Vega.<\/p>\n<p>As\u00ed, la presidenta de la Red Europea de Lucha contra la Pobreza y la Exclusi\u00f3n Social en Extremadura ha explicado que las tasas de riesgo de pobreza o exclusi\u00f3n social \u00abm\u00e1s altas\u00bb est\u00e1n en Canarias (44,6%), Ceuta (41,9%) y Andaluc\u00eda (41,7%), mientras que las \u00abm\u00e1s bajas\u00bb corresponden a Navarra (13%), Pa\u00eds Vasco (17,6%) y La Rioja (17,4%), por lo que hay \u00abuna gran desigualdad territorial entre norte y sur de Espa\u00f1a pues \u00abcuanto m\u00e1s al sur y m\u00e1s al oeste es m\u00e1s alto el riesgo de pobreza\u00bb.<\/p>\n<p>Renta media<\/p>\n<p>Por otro lado, Mar\u00eda Teresa Su\u00e1rez Vega ha se\u00f1alado tambi\u00e9n que respecto al conjunto de la poblaci\u00f3n, la renta media en Extremadura ha sido \u00absiempre muy inferior\u00bb a la renta media nacional, con lo que la renta media por persona en la regi\u00f3n es \u00abinferior\u00bb en 2.034 euros a la de la media nacional.<\/p>\n<p>A este respecto, la presidenta de la Red Europea de Lucha contra la Pobreza y la Exclusi\u00f3n Social en la regi\u00f3n ha aseverado que el 59,8 por ciento de las pensiones en Extremadura son inferiores al umbral de la pobreza, lo que afecta a \u00abunas 132.000 personas mayores\u00bb en la comunidad aut\u00f3noma, tras lo que ha a\u00f1adido que adem\u00e1s, un 9,5 por ciento est\u00e1 \u00abpor debajo del umbral de pobreza severa\u00bb.<\/p>\n<p>Por ello, Mar\u00eda Teresa Su\u00e1rez Vega ha hecho hincapi\u00e9 en que para paliar esta situaci\u00f3n es necesaria una \u00abfuerte inversi\u00f3n social\u00bb dirigida a erradicar \u00aburgentemente\u00bb la pobreza y la exclusi\u00f3n social \u00abcon medidas sociales, econ\u00f3micas y fiscales\u00bb que activen tambi\u00e9n el empleo.<\/p>\n<p>Por su parte, el vicepresidente primero de la Asamblea de Extremadura, Jos\u00e9 Andr\u00e9s Mendo, ha manifestado que la pobreza se trata de una \u00ablacra que tiene la sociedad por resolver\u00bb y que \u00abtiene que resolver ella misma\u00bb, por lo que ha invitado a todos los estamentos representados en la Asamblea a trabajar por paliarla a trav\u00e9s de iniciativas \u00aba favor del empleo, de la inclusi\u00f3n y de vivienda\u00bb.<\/p>\n<p>Por otro lado, el consejero de Sanidad y Pol\u00edticas Sociales de la Junta, Jos\u00e9 Mar\u00eda Vergeles, ha resaltado que se trata de un d\u00eda \u00abimportante y absolutamente necesario\u00bb en el que hay que escuchar \u00abemp\u00e1ticamente\u00bb a las personas que pasan por esa situaci\u00f3n de pobreza para que \u00ablos poderes pol\u00edticos tomen nota de sus necesidades y dificultades\u00bb y contribuyan a la erradicaci\u00f3n de la misma.<\/p>\n<p>Extremadura<\/p>\n<p>Asimismo, el consejero ha aseverado que adem\u00e1s es \u00abun d\u00eda para reflexionar\u00bb a cerca de los datos que se extraen del estudio, que indica que \u00aben Extremadura hay unos niveles de pobreza que est\u00e1n por encima de la media\u00bb, aunque ha destacado que la regi\u00f3n es una de las primeras que ha reducido esa tasa de pobreza desde los primeros a\u00f1os de la crisis econ\u00f3mica.<\/p>\n<p>En este sentido, Vergeles tambi\u00e9n ha destacado que en Extremadura \u00abes verdad que hay m\u00e1s pobres que en otros sitios, pero esas personas son menos pobres que en otros sitios\u00bb ya que es \u00abuna de las regiones que menos pobreza severa tiene\u00bb, tras lo que ha a\u00f1adido que le preocupa \u00abla brecha\u00bb que tambi\u00e9n existe en la pobreza entre hombres y mujeres.<\/p>\n<p>Finalmente, el consejero de Sanidad y Pol\u00edticas Sociales ha sostenido que se deben poner en marcha m\u00e1s \u00abmuros de contenci\u00f3n\u00bb desde las administraciones p\u00fablicas, tales como las que ya ha puesto en funcionamiento la Junta como \u00abla renta b\u00e1sica, los planes de empleo social o los m\u00ednimos vitales\u00bb, aunque tambi\u00e9n ha destacado que se debe realizar un cambio en el modelo productivo que permita \u00abtener menos pensionistas en situaci\u00f3n de pobreza\u00bb e incentivar y consolidar el empleo.<\/p>\n","protected":false},"excerpt":{"rendered":"<p>330.000 personas se encuentra en situaci\u00f3n de riesgo de pobreza en Extremadura, seg\u00fan un informe realizado en el a\u00f1o 2016 por la Red Europea de Lucha contra la Pobreza y la Exclusi\u00f3n Social en el Estado Espa\u00f1ol (EAPN-es), lo que supone un 35,8 por ciento de la poblaci\u00f3n de la regi\u00f3n. Este estudio, denominado El <\/p>\n","protected":false},"author":1,"featured_media":4507,"comment_status":"closed","ping_status":"closed","sticky":false,"template":"","format":"standard","meta":{"footnotes":""},"categories":[51],"tags":[],"class_list":["post-4505","post","type-post","status-publish","format-standard","has-post-thumbnail","hentry","category-sociedad"],"wps_subtitle":"","_links":{"self":[{"href":"https:\/\/www.elbuscadordeldetective.info\/index.php?rest_route=\/wp\/v2\/posts\/4505","targetHints":{"allow":["GET"]}}],"collection":[{"href":"https:\/\/www.elbuscadordeldetective.info\/index.php?rest_route=\/wp\/v2\/posts"}],"about":[{"href":"https:\/\/www.elbuscadordeldetective.info\/index.php?rest_route=\/wp\/v2\/types\/post"}],"author":[{"embeddable":true,"href":"https:\/\/www.elbuscadordeldetective.info\/index.php?rest_route=\/wp\/v2\/users\/1"}],"replies":[{"embeddable":true,"href":"https:\/\/www.elbuscadordeldetective.info\/index.php?rest_route=%2Fwp%2Fv2%2Fcomments&post=4505"}],"version-history":[{"count":1,"href":"https:\/\/www.elbuscadordeldetective.info\/index.php?rest_route=\/wp\/v2\/posts\/4505\/revisions"}],"predecessor-version":[{"id":4506,"href":"https:\/\/www.elbuscadordeldetective.info\/index.php?rest_route=\/wp\/v2\/posts\/4505\/revisions\/4506"}],"wp:featuredmedia":[{"embeddable":true,"href":"https:\/\/www.elbuscadordeldetective.info\/index.php?rest_route=\/wp\/v2\/media\/4507"}],"wp:attachment":[{"href":"https:\/\/www.elbuscadordeldetective.info\/index.php?rest_route=%2Fwp%2Fv2%2Fmedia&parent=4505"}],"wp:term":[{"taxonomy":"category","embeddable":true,"href":"https:\/\/www.elbuscadordeldetective.info\/index.php?rest_route=%2Fwp%2Fv2%2Fcategories&post=4505"},{"taxonomy":"post_tag","embeddable":true,"href":"https:\/\/www.elbuscadordeldetective.info\/index.php?rest_route=%2Fwp%2Fv2%2Ftags&post=4505"}],"curies":[{"name":"wp","href":"https:\/\/api.w.org\/{rel}","templated":true}]}}