{"id":4532,"date":"2017-10-18T14:29:50","date_gmt":"2017-10-18T12:29:50","guid":{"rendered":"http:\/\/www.eldetectivepress.org\/?p=4532"},"modified":"2017-10-18T14:30:24","modified_gmt":"2017-10-18T12:30:24","slug":"el-juicio-por-la-supuesta-violacion-grupal-de-los-sanfermines-de-2016-sera-a-puerta-cerrada","status":"publish","type":"post","link":"https:\/\/www.elbuscadordeldetective.info\/?p=4532","title":{"rendered":"El juicio por la supuesta violaci\u00f3n grupal de los Sanfermines de 2016 ser\u00e1 a puerta cerrada"},"content":{"rendered":"<p>El juicio por la supuesta violaci\u00f3n grupal denunciada durante los Sanfermines de 2016 se celebrar\u00e1 \u00edntegramente a puerta cerrada. As\u00ed lo ha establecido la Secci\u00f3n Segunda de la Audiencia de Navarra para proteger \u201cel derecho fundamental a la intimidad\u201d de la denunciante, as\u00ed como para salvaguardar a ella y a los cinco acusados de una \u201cindeseada e indeseable exposici\u00f3n p\u00fablica aireando aspectos relativos a su intimidad corporal y vida sexual\u201d que pertenecen a la esfera personal.<\/p>\n<p>La Audiencia, adem\u00e1s, proh\u00edbe la publicaci\u00f3n de informaci\u00f3n relativa a la identidad de la denunciante o de datos que puedan facilitar su identificaci\u00f3n de forma directa o indirecta, as\u00ed como la obtenci\u00f3n, divulgaci\u00f3n o emisi\u00f3n de im\u00e1genes de ella o de sus familiares.<\/p>\n<p>Estas dos prohibiciones, seg\u00fan exponen los magistrados, se refieren expresamente a la informaci\u00f3n incluida en el acta del juicio, que se grabar\u00e1, y cuyos DVD se entregar\u00e1n a las partes con el contenido de todas las sesiones de la vista oral, que se va a desarrollar entre el 13 y el 24 de noviembre.<\/p>\n<p>Respecto a los acusados, la Audiencia tambi\u00e9n proh\u00edbe la obtenci\u00f3n, divulgaci\u00f3n o publicaci\u00f3n de sus im\u00e1genes.<\/p>\n<p>El tribunal ha adoptado estas decisiones tras haber solicitado a las partes su parecer sobre la publicidad del juicio. La acusaci\u00f3n particular, ejercida por la mujer denunciante, que en el momento de los hechos ten\u00eda 18 a\u00f1os, reclam\u00f3 que todas las sesiones fueran a puerta cerrada y, adem\u00e1s, rog\u00f3 que se prohibiera la obtenci\u00f3n, divulgaci\u00f3n o publicaci\u00f3n de im\u00e1genes de la v\u00edctima o sus familiares. A esta postura se adhiri\u00f3 la acci\u00f3n popular ejercitada por el Ayuntamiento de Pamplona.<\/p>\n<p>Por su parte, la fiscal del caso plante\u00f3 que la declaraci\u00f3n de la v\u00edctima y la reproducci\u00f3n de los v\u00eddeos y fotogramas relativos a los hechos deb\u00edan realizarse a puerta cerrada, y dej\u00f3 a criterio de los magistrados la presencia de los medios de comunicaci\u00f3n y la grabaci\u00f3n por estos de im\u00e1genes del juicio, un planteamiento al que se uni\u00f3 el letrado del Gobierno de Navarra, personado tambi\u00e9n en la causa como acci\u00f3n popular.<\/p>\n<p>Las defensas de dos de los cinco procesados, por su parte, demandaron que la vista oral fuera completamente a puerta cerrada, mientras que los otros tres encausados propusieron que el juicio fuera en audiencia p\u00fablica, salvo la declaraci\u00f3n de la denunciante y la emisi\u00f3n de las im\u00e1genes, pero requirieron que se impidiera tanto su grabaci\u00f3n como la de la denunciante con el fin de garantizar la protecci\u00f3n de la intimidad y la propia imagen.<\/p>\n<p>Seg\u00fan expone el tribunal, en virtud de la decisi\u00f3n decretada \u201cpara nada se afectan las garant\u00edas procesales de los acusados\u201d, ni su derecho de defensa, ya que, entre otras consideraciones, habr\u00e1 publicidad interna total.<\/p>\n","protected":false},"excerpt":{"rendered":"<p>El juicio por la supuesta violaci\u00f3n grupal denunciada durante los Sanfermines de 2016 se celebrar\u00e1 \u00edntegramente a puerta cerrada. As\u00ed lo ha establecido la Secci\u00f3n Segunda de la Audiencia de Navarra para proteger \u201cel derecho fundamental a la intimidad\u201d de la denunciante, as\u00ed como para salvaguardar a ella y a los cinco acusados de una <\/p>\n","protected":false},"author":1,"featured_media":3811,"comment_status":"closed","ping_status":"closed","sticky":false,"template":"","format":"standard","meta":{"footnotes":""},"categories":[18],"tags":[],"class_list":["post-4532","post","type-post","status-publish","format-standard","has-post-thumbnail","hentry","category-el-mundo-de-la-justicia"],"wps_subtitle":"","_links":{"self":[{"href":"https:\/\/www.elbuscadordeldetective.info\/index.php?rest_route=\/wp\/v2\/posts\/4532","targetHints":{"allow":["GET"]}}],"collection":[{"href":"https:\/\/www.elbuscadordeldetective.info\/index.php?rest_route=\/wp\/v2\/posts"}],"about":[{"href":"https:\/\/www.elbuscadordeldetective.info\/index.php?rest_route=\/wp\/v2\/types\/post"}],"author":[{"embeddable":true,"href":"https:\/\/www.elbuscadordeldetective.info\/index.php?rest_route=\/wp\/v2\/users\/1"}],"replies":[{"embeddable":true,"href":"https:\/\/www.elbuscadordeldetective.info\/index.php?rest_route=%2Fwp%2Fv2%2Fcomments&post=4532"}],"version-history":[{"count":1,"href":"https:\/\/www.elbuscadordeldetective.info\/index.php?rest_route=\/wp\/v2\/posts\/4532\/revisions"}],"predecessor-version":[{"id":4533,"href":"https:\/\/www.elbuscadordeldetective.info\/index.php?rest_route=\/wp\/v2\/posts\/4532\/revisions\/4533"}],"wp:featuredmedia":[{"embeddable":true,"href":"https:\/\/www.elbuscadordeldetective.info\/index.php?rest_route=\/wp\/v2\/media\/3811"}],"wp:attachment":[{"href":"https:\/\/www.elbuscadordeldetective.info\/index.php?rest_route=%2Fwp%2Fv2%2Fmedia&parent=4532"}],"wp:term":[{"taxonomy":"category","embeddable":true,"href":"https:\/\/www.elbuscadordeldetective.info\/index.php?rest_route=%2Fwp%2Fv2%2Fcategories&post=4532"},{"taxonomy":"post_tag","embeddable":true,"href":"https:\/\/www.elbuscadordeldetective.info\/index.php?rest_route=%2Fwp%2Fv2%2Ftags&post=4532"}],"curies":[{"name":"wp","href":"https:\/\/api.w.org\/{rel}","templated":true}]}}