{"id":4747,"date":"2017-10-27T13:13:04","date_gmt":"2017-10-27T11:13:04","guid":{"rendered":"http:\/\/www.eldetectivepress.org\/?p=4747"},"modified":"2017-10-27T13:13:54","modified_gmt":"2017-10-27T11:13:54","slug":"en-colombia-las-empresas-de-seguridad-privada-haran-control-del-lavado-de-activos-en-el-sector","status":"publish","type":"post","link":"https:\/\/www.elbuscadordeldetective.info\/?p=4747","title":{"rendered":"En Colombia las Empresas de Seguridad Privada har\u00e1n control del lavado de activos en el sector"},"content":{"rendered":"<p class=\"rtejustify\"><strong>Para avanzar con la agenda de pol\u00edtica p\u00fablica en \u201cantilavado\u201d la Superintendencia de Vigilancia y Seguridad Privada en conjunto con La C\u00e1mara de Comercio de Bogot\u00e1 cit\u00f3 al Gremio de Vigilancia Privada de la capital de la rep\u00fablica a una reuni\u00f3n sobre \u201cel lavado de activos en el sector y la vinculaci\u00f3n del gremio de seguridad privada con este proyecto\u201d.<\/strong><\/p>\n<p class=\"rtejustify\">El presidente de las Empresas Colombianas de Seguridad Privada (ECOS), Jos\u00e9 Saavedra, particip\u00f3 con el fin de trabajar en conjunto con el gobierno en darle herramientas con el objetivo de realizar una primera aproximaci\u00f3n a los sistemas de informaci\u00f3n para identificar los retos que existen en materia de control de armas y material adscrito, pues persisten numerosos riesgos de tr\u00e1fico ilegal y violencia, en el marco del postconflicto.<\/p>\n<p class=\"rtejustify\"><strong>Jos\u00e9 Saavedra indico que: \u201cEs importante para el sector de la seguridad privada que se propicien estos espacios de discusi\u00f3n, as\u00ed mismo para nosotros como gremio es muy relevante el manejo que se le dar\u00e1 en cuanto a la prevenci\u00f3n y mitigaci\u00f3n del lavado de activos.\u201d<\/strong><\/p>\n<div id=\"hybs-slot-c63a79c7\" class=\"hybs-slot\"><iframe width=\"300\" height=\"250px\" frameborder=\"0\" scrolling=\"no\" data-mce-fragment=\"1\"><\/iframe><\/div>\n<p class=\"rtejustify\">\u201cSuministrar la informaci\u00f3n que nos ha solicitado el ente de control ser\u00e1 un primer paso para trabajar en conjunto con el Gobierno Nacional\u201d, asegur\u00f3 Saavedra.<\/p>\n<p class=\"rtejustify\"><strong>Seg\u00fan la Superintendencia de Seguridad y Vigilancia Privada, a mayo de 2016 eran 876 empresas vinculadas al gremio con supervisi\u00f3n de la entidad, por ello actualizar la informaci\u00f3n de empresas legales de vigilancia fija, m\u00f3vil con canino, escoltas y escuelas de capacitaci\u00f3n es de vital importancia para iniciar el proceso estad\u00edstico y de actualizaci\u00f3n con el fin de identificar las empresas ilegales activas en el sector.<\/strong><\/p>\n<p class=\"rtejustify\">Por \u00faltimo, el Presidente de ECOS, durante la reuni\u00f3n hizo un llamado a la Superintendencia, y al Ministerio de Defensa resaltando que: \u201cas\u00ed como estamos prestos a colaborar con el ente de control este atienda nuestro llamado, respecto a la ley que obliga al sector para que los guardas se hagan el examen psicof\u00edsico, se suspenda o se d\u00e9 un plazo, ya que las entidades prestadoras del servicio no tienen la log\u00edstica suficiente y necesaria en Colombia, para realizar los procedimientos necesarios\u201d.<\/p>\n","protected":false},"excerpt":{"rendered":"<p>Para avanzar con la agenda de pol\u00edtica p\u00fablica en \u201cantilavado\u201d la Superintendencia de Vigilancia y Seguridad Privada en conjunto con La C\u00e1mara de Comercio de Bogot\u00e1 cit\u00f3 al Gremio de Vigilancia Privada de la capital de la rep\u00fablica a una reuni\u00f3n sobre \u201cel lavado de activos en el sector y la vinculaci\u00f3n del gremio de <\/p>\n","protected":false},"author":1,"featured_media":4749,"comment_status":"closed","ping_status":"closed","sticky":false,"template":"","format":"standard","meta":{"footnotes":""},"categories":[4,26],"tags":[],"class_list":["post-4747","post","type-post","status-publish","format-standard","has-post-thumbnail","hentry","category-el-mundo-del-detective","category-seguridad-privada"],"wps_subtitle":"","_links":{"self":[{"href":"https:\/\/www.elbuscadordeldetective.info\/index.php?rest_route=\/wp\/v2\/posts\/4747","targetHints":{"allow":["GET"]}}],"collection":[{"href":"https:\/\/www.elbuscadordeldetective.info\/index.php?rest_route=\/wp\/v2\/posts"}],"about":[{"href":"https:\/\/www.elbuscadordeldetective.info\/index.php?rest_route=\/wp\/v2\/types\/post"}],"author":[{"embeddable":true,"href":"https:\/\/www.elbuscadordeldetective.info\/index.php?rest_route=\/wp\/v2\/users\/1"}],"replies":[{"embeddable":true,"href":"https:\/\/www.elbuscadordeldetective.info\/index.php?rest_route=%2Fwp%2Fv2%2Fcomments&post=4747"}],"version-history":[{"count":1,"href":"https:\/\/www.elbuscadordeldetective.info\/index.php?rest_route=\/wp\/v2\/posts\/4747\/revisions"}],"predecessor-version":[{"id":4748,"href":"https:\/\/www.elbuscadordeldetective.info\/index.php?rest_route=\/wp\/v2\/posts\/4747\/revisions\/4748"}],"wp:featuredmedia":[{"embeddable":true,"href":"https:\/\/www.elbuscadordeldetective.info\/index.php?rest_route=\/wp\/v2\/media\/4749"}],"wp:attachment":[{"href":"https:\/\/www.elbuscadordeldetective.info\/index.php?rest_route=%2Fwp%2Fv2%2Fmedia&parent=4747"}],"wp:term":[{"taxonomy":"category","embeddable":true,"href":"https:\/\/www.elbuscadordeldetective.info\/index.php?rest_route=%2Fwp%2Fv2%2Fcategories&post=4747"},{"taxonomy":"post_tag","embeddable":true,"href":"https:\/\/www.elbuscadordeldetective.info\/index.php?rest_route=%2Fwp%2Fv2%2Ftags&post=4747"}],"curies":[{"name":"wp","href":"https:\/\/api.w.org\/{rel}","templated":true}]}}