{"id":5287,"date":"2017-11-20T00:00:03","date_gmt":"2017-11-19T22:00:03","guid":{"rendered":"http:\/\/www.eldetectivepress.org\/?p=5287"},"modified":"2017-11-20T00:02:11","modified_gmt":"2017-11-19T22:02:11","slug":"recorrido-por-el-embalse-de-la-serena-el-mayor-de-espana-en-medio-de-la-sequia","status":"publish","type":"post","link":"https:\/\/www.elbuscadordeldetective.info\/?p=5287","title":{"rendered":"Recorrido por el embalse de La Serena, el mayor de Espa\u00f1a, en medio de la sequ\u00eda"},"content":{"rendered":"<p>El viaje por la carretera EX-103 hasta el embalse de La Serena, el mayor de Espa\u00f1a y el tercero de Europa, desemboca en un inmenso mar de agua en el que son evidentes las huellas de la sequ\u00eda, como salta a la vista durante todo el camino por esta comarca ganadera de Badajoz.<\/p>\n<p>Una vez llegados a la presa, tras dejar atr\u00e1s la localidad de Puebla de Alcocer, al este queda el agua de La Serena, repartido por una superficie de casi 14.000 hect\u00e1reas hasta rozar las provincias de Ciudad Real y C\u00f3rdoba, con una longitud de costa de 530 kil\u00f3metros.<\/p>\n<p>Al oeste est\u00e1 su hermano peque\u00f1o el pantano del Z\u00fajar, que abarca 1.587 hect\u00e1reas.<\/p>\n<p>El embalse de La Serena, que inauguraron los reyes de Espa\u00f1a en 1990 tras una inversi\u00f3n de 11.772 millones de pesetas -m\u00e1s de 70,5 millones de euros-, se concibi\u00f3 para controlar las avenidas del irregular r\u00edo Z\u00fajar y aumentar la capacidad de almacenamiento, seg\u00fan explica la jefa de servicio de la explotaci\u00f3n, Mar\u00eda Jos\u00e9 Gonz\u00e1lez, a pie de presa.<\/p>\n<p>De hecho, el caprichoso Z\u00fajar provoc\u00f3 una avenida durante su construcci\u00f3n y el agua super\u00f3 los bloques de hormig\u00f3n que ya se hab\u00edan levantado, lo que oblig\u00f3 a aliviar agua para poder seguir con los trabajos.<\/p>\n<p>Esta obra de ingenier\u00eda llam\u00f3 la atenci\u00f3n porque el embalse de La Serena se levant\u00f3 dentro del pantano del Z\u00fajar, que perdi\u00f3 capacidad al pasar de 700 a 300 hm3, aproximadamente, pero a cambio se gan\u00f3 una balsa de agua de 3.219 hm3.<\/p>\n<p>Para ello se construy\u00f3 una inmensa mole con m\u00e1s de 1,1 millones de m3 de hormig\u00f3n que impresiona al visitante con sus 90,45 metros de altura sobre los cimientos y 580 metros de longitud de coronaci\u00f3n.<\/p>\n<p>La interconexi\u00f3n de estas dos presas no se entiende sin el t\u00fanel de cuatro kil\u00f3metros que se construy\u00f3 a\u00f1os despu\u00e9s entre el embalse del Z\u00fajar y de Orellana.<\/p>\n<p>Esta conducci\u00f3n permite trasvasar agua en ambas direcciones, en funci\u00f3n de las necesidades, entre el sistema Z\u00fajar-Serena y el Guadiana, que discurre casi en paralelo y que forman los pantanos de C\u00edjara, Garc\u00eda-Sola y Orellana.<\/p>\n<p>El agua almacenada en este momento y este moderno sistema de regulaci\u00f3n hacen que el denominado sistema central de la Confederaci\u00f3n Hidrogr\u00e1fica del Guadiana (CHG), en el este de Badajoz, est\u00e9 en mejor posici\u00f3n para afrontar la sequ\u00eda que otras zonas de Espa\u00f1a. Su situaci\u00f3n es de \u00abprealerta\u00bb.<\/p>\n<p>El presidente de la CHG, Jos\u00e9 Mart\u00ednez, ha asegurado telef\u00f3nicamente que el suministro est\u00e1 asegurado este a\u00f1o y el 2018, lo que hace extensivo a toda la cuenca, aunque la zona de Ciudad Real, por ejemplo, est\u00e9 en \u00abalerta\u00bb.<\/p>\n<p>La Serena afronta la tercera sequ\u00eda de su historia; la primera se produjo en plena fase de llenado, despu\u00e9s de cerrar compuertas, lo que hizo que el volumen embalsado bajara hasta el 2 % en noviembre de 1995.<\/p>\n<p>Debido a las cr\u00edticas que dec\u00edan que nunca se iba a llenar, en 1997 se produjo un desembalse simb\u00f3lico al alcanzar el 86 %.<\/p>\n<p>La presa se llen\u00f3 en 2010 -tras otro largo per\u00edodo sin lluvias- y 2013, lo que oblig\u00f3 a hacer importantes desembalses.<\/p>\n<p>Para estos casos cuenta con ocho compuertas en la parte alta, de once por ocho metros, que pueden aliviar agua a raz\u00f3n de 2.800 m3 por segundo en total, adem\u00e1s de desag\u00fces m\u00e1s peque\u00f1os de medio fondo -el agua est\u00e1 ahora por debajo de ellos- y de fondo.<\/p>\n<p>Esta sequ\u00eda ha dejado a La Serena, seg\u00fan datos de esta semana, al 38 % de su capacidad, al acumular 1.223 Hm3, cuando hace un a\u00f1o estaba al 58,2 %, por eso hay preocupaci\u00f3n entre los regantes, seg\u00fan Gonz\u00e1lez.<\/p>\n<p>Los usos del pantano para abastecimiento humano, regad\u00edo, electricidad y otros no han variado y la calidad del agua se mantiene porque la cota no ha bajado hasta la zona de sedimentos.<\/p>\n<p>La rutina de las tareas de mantenimiento y seguridad tampoco ha sufrido cambios y siguen en el exterior y el interior de la explotaci\u00f3n, que cuenta con cinco grandes galer\u00edas longitudinales, dos transversales y otras dos perimetrales que suman m\u00e1s de 2,3 kil\u00f3metros.<\/p>\n<p>En materia de seguridad se revisan posibles dilataciones, desplazamientos de los bloques o filtraciones de agua.<\/p>\n","protected":false},"excerpt":{"rendered":"<p>El viaje por la carretera EX-103 hasta el embalse de La Serena, el mayor de Espa\u00f1a y el tercero de Europa, desemboca en un inmenso mar de agua en el que son evidentes las huellas de la sequ\u00eda, como salta a la vista durante todo el camino por esta comarca ganadera de Badajoz. Una vez <\/p>\n","protected":false},"author":1,"featured_media":5289,"comment_status":"closed","ping_status":"closed","sticky":false,"template":"","format":"standard","meta":{"footnotes":""},"categories":[51],"tags":[],"class_list":["post-5287","post","type-post","status-publish","format-standard","has-post-thumbnail","hentry","category-sociedad"],"wps_subtitle":"","_links":{"self":[{"href":"https:\/\/www.elbuscadordeldetective.info\/index.php?rest_route=\/wp\/v2\/posts\/5287","targetHints":{"allow":["GET"]}}],"collection":[{"href":"https:\/\/www.elbuscadordeldetective.info\/index.php?rest_route=\/wp\/v2\/posts"}],"about":[{"href":"https:\/\/www.elbuscadordeldetective.info\/index.php?rest_route=\/wp\/v2\/types\/post"}],"author":[{"embeddable":true,"href":"https:\/\/www.elbuscadordeldetective.info\/index.php?rest_route=\/wp\/v2\/users\/1"}],"replies":[{"embeddable":true,"href":"https:\/\/www.elbuscadordeldetective.info\/index.php?rest_route=%2Fwp%2Fv2%2Fcomments&post=5287"}],"version-history":[{"count":1,"href":"https:\/\/www.elbuscadordeldetective.info\/index.php?rest_route=\/wp\/v2\/posts\/5287\/revisions"}],"predecessor-version":[{"id":5288,"href":"https:\/\/www.elbuscadordeldetective.info\/index.php?rest_route=\/wp\/v2\/posts\/5287\/revisions\/5288"}],"wp:featuredmedia":[{"embeddable":true,"href":"https:\/\/www.elbuscadordeldetective.info\/index.php?rest_route=\/wp\/v2\/media\/5289"}],"wp:attachment":[{"href":"https:\/\/www.elbuscadordeldetective.info\/index.php?rest_route=%2Fwp%2Fv2%2Fmedia&parent=5287"}],"wp:term":[{"taxonomy":"category","embeddable":true,"href":"https:\/\/www.elbuscadordeldetective.info\/index.php?rest_route=%2Fwp%2Fv2%2Fcategories&post=5287"},{"taxonomy":"post_tag","embeddable":true,"href":"https:\/\/www.elbuscadordeldetective.info\/index.php?rest_route=%2Fwp%2Fv2%2Ftags&post=5287"}],"curies":[{"name":"wp","href":"https:\/\/api.w.org\/{rel}","templated":true}]}}