{"id":5433,"date":"2017-11-24T23:17:32","date_gmt":"2017-11-24T21:17:32","guid":{"rendered":"http:\/\/www.eldetectivepress.org\/?p=5433"},"modified":"2017-11-24T23:37:13","modified_gmt":"2017-11-24T21:37:13","slug":"el-consejo-de-ministros-propone-a-julian-sanchez-melgar-como-nuevo-fiscal-general-del-estado","status":"publish","type":"post","link":"https:\/\/www.elbuscadordeldetective.info\/?p=5433","title":{"rendered":"El Consejo de Ministros propone a Juli\u00e1n S\u00e1nchez Melgar como nuevo Fiscal General del Estado"},"content":{"rendered":"<p>El Consejo de Ministros celebrado hoy ha propuesto al magistrado de la Sala Segunda del Tribunal Supremo como nuevo Fiscal General del Estado, en sustituci\u00f3n del fallecido Jos\u00e9 Manuel Maza.Se inicia ahora un proceso de nombramiento en el que intervienen los tres poderes del Estado. <\/p>\n<p>As\u00ed lo establece el art. 29 del Estatuto Org\u00e1nico del Ministerio Fiscal:\u201cUno. El Fiscal General del Estado ser\u00e1 nombrado por el Rey, a propuesta del Gobierno, o\u00eddo previamente el Consejo General del Poder Judicial, eligi\u00e9ndolo entre juristas espa\u00f1oles de reconocido prestigio con m\u00e1s de quince a\u00f1os de ejercicio efectivo de su profesi\u00f3n.Dos. <\/p>\n<p>Recibido el informe del Consejo General del Poder Judicial, el Gobierno comunicar\u00e1 su propuesta al Congreso de los Diputados, a fin de que pueda disponer la comparecencia de la persona elegida ante la Comisi\u00f3n correspondiente de la C\u00e1mara, en los t\u00e9rminos que prevea su reglamento a los efectos de que se puedan valorar los m\u00e9ritos e idoneidad del candidato propuesto.Tres. <\/p>\n<p>Una vez nombrado, el Fiscal General del Estado prestar\u00e1 ante el Rey el juramento o promesa que previene la Ley y tomar\u00e1 posesi\u00f3n del cargo ante el Pleno del Tribunal Supremo\u201d.S\u00e1nchez Melgar fue compa\u00f1ero de Jos\u00e9 Manuel Maza en la Sala Segunda del Tribunal Supremo, destino al que accedi\u00f3 en el a\u00f1o 2000. Anteriormente, fue presidente de la Audiencia Provincial de \u00c1vila, estuvo destinado en el Tribunal Superior de Justicia de Cantabria, el juzgado de Reinosa y en la Audiencia Territorial de Barcelona.<\/p>\n","protected":false},"excerpt":{"rendered":"<p>El Consejo de Ministros celebrado hoy ha propuesto al magistrado de la Sala Segunda del Tribunal Supremo como nuevo Fiscal General del Estado, en sustituci\u00f3n del fallecido Jos\u00e9 Manuel Maza.Se inicia ahora un proceso de nombramiento en el que intervienen los tres poderes del Estado. As\u00ed lo establece el art. 29 del Estatuto Org\u00e1nico del <\/p>\n","protected":false},"author":1,"featured_media":5443,"comment_status":"closed","ping_status":"closed","sticky":false,"template":"","format":"standard","meta":{"footnotes":""},"categories":[33],"tags":[],"class_list":["post-5433","post","type-post","status-publish","format-standard","has-post-thumbnail","hentry","category-politica-uncategorized"],"wps_subtitle":"","_links":{"self":[{"href":"https:\/\/www.elbuscadordeldetective.info\/index.php?rest_route=\/wp\/v2\/posts\/5433","targetHints":{"allow":["GET"]}}],"collection":[{"href":"https:\/\/www.elbuscadordeldetective.info\/index.php?rest_route=\/wp\/v2\/posts"}],"about":[{"href":"https:\/\/www.elbuscadordeldetective.info\/index.php?rest_route=\/wp\/v2\/types\/post"}],"author":[{"embeddable":true,"href":"https:\/\/www.elbuscadordeldetective.info\/index.php?rest_route=\/wp\/v2\/users\/1"}],"replies":[{"embeddable":true,"href":"https:\/\/www.elbuscadordeldetective.info\/index.php?rest_route=%2Fwp%2Fv2%2Fcomments&post=5433"}],"version-history":[{"count":1,"href":"https:\/\/www.elbuscadordeldetective.info\/index.php?rest_route=\/wp\/v2\/posts\/5433\/revisions"}],"predecessor-version":[{"id":5434,"href":"https:\/\/www.elbuscadordeldetective.info\/index.php?rest_route=\/wp\/v2\/posts\/5433\/revisions\/5434"}],"wp:featuredmedia":[{"embeddable":true,"href":"https:\/\/www.elbuscadordeldetective.info\/index.php?rest_route=\/wp\/v2\/media\/5443"}],"wp:attachment":[{"href":"https:\/\/www.elbuscadordeldetective.info\/index.php?rest_route=%2Fwp%2Fv2%2Fmedia&parent=5433"}],"wp:term":[{"taxonomy":"category","embeddable":true,"href":"https:\/\/www.elbuscadordeldetective.info\/index.php?rest_route=%2Fwp%2Fv2%2Fcategories&post=5433"},{"taxonomy":"post_tag","embeddable":true,"href":"https:\/\/www.elbuscadordeldetective.info\/index.php?rest_route=%2Fwp%2Fv2%2Ftags&post=5433"}],"curies":[{"name":"wp","href":"https:\/\/api.w.org\/{rel}","templated":true}]}}