{"id":6138,"date":"2018-02-01T02:02:03","date_gmt":"2018-02-01T00:02:03","guid":{"rendered":"http:\/\/www.eldetectivepress.org\/?p=6138"},"modified":"2018-02-01T02:03:41","modified_gmt":"2018-02-01T00:03:41","slug":"zoido-sobre-eta-el-camino-es-aplicar-la-ley-sin-permitir-chantajes-defender-la-verdad-frente-a-quienes-quieren-pervertirla-y-honrar-a-las-victimas-para-que-no-caigan-en-el-olvido","status":"publish","type":"post","link":"https:\/\/www.elbuscadordeldetective.info\/?p=6138","title":{"rendered":"Zoido, sobre ETA : \u00abEl camino es aplicar la ley sin permitir chantajes, defender la verdad frente a quienes quieren pervertirla y honrar a las v\u00edctimas para que no caigan en el olvido\u00bb"},"content":{"rendered":"<p>El ministro del Interior, Juan Ignacio Zoido, ha intervenido hoy en el emotivo homenaje que se ha celebrado en Sevilla con motivo del XX aniversario de los asesinatos a manos de ETA de Alberto Jim\u00e9nez-Becerril y su esposa Ascensi\u00f3n Garc\u00eda Ortiz. Previamente, Zoido ha asistido a una misa en recuerdo a los dos asesinados que ha tenido lugar en la Catedral de la ciudad hispalense.<\/p>\n<p>Tras la ceremonia religiosa, el ministro del Interior, en la calle Don Remondo, bajo la l\u00e1pida que recuerda el lugar donde fue asesinado el matrimonio Jim\u00e9nez-Becerril, ha lanzado dos n\u00edtidos mensajes. Por un lado, ha afirmado que \u00abnada va a cambiar mientras ETA no se disuelva y desaparezca totalmente y los asesinos se arrepientan, pidan perd\u00f3n por tanto da\u00f1o producido y paguen sus deudas con las v\u00edctimas. Y por otro, ha subrayado que \u00abpasen 20, 30 \u00f3 50 a\u00f1os, entre todos debemos esforzarnos por mantener viva la llama de la memoria y el ejemplo de Alberto y Ascen, para que las nuevas generaciones sepan que eran dos buenas personas que cre\u00edan en la libertad, en el respeto y en la democracia. Tenemos la obligaci\u00f3n de cont\u00e1rselo a aquellos que no tuvieron la fortuna de conocerlos\u00bb.<\/p>\n<p>Al hilo de esta \u00faltima afirmaci\u00f3n, el ministro del Interior ha resaltado en el acto \u2013organizado por la Fundaci\u00f3n Jim\u00e9nez-Becerril- que para que la lucha contra el terrorismo llegue hasta el final, \u00abno podemos permitir que nadie pretenda reescribir la historia ni construir un relato interesado de los hechos. No puede haber otro camino en esta lucha que aplicar la ley sin permitir ning\u00fan tipo de chantajes, defender la verdad de la historia frente a la manipulaci\u00f3n de quienes quieren pervertirla y reconocer y honrar a las v\u00edctimas para que su sufrimiento y dignidad no caigan en el olvido\u00bb. Y en este sentido ha a\u00f1adido que no solo lo \u00abdebemos hacer por Alberto y Ascen\u00bb, sino tambi\u00e9n por los 853 asesinados por ETA.<\/p>\n<p>Seguidamente, el ministro del Interior ha recordado el papel que las v\u00edctimas del terrorismo, junto a las Fuerzas y Cuerpos de Seguridad del Estado, los jueces, fiscales y la colaboraci\u00f3n internacional, han tenido en \u00abla derrota de ETA\u00bb, para a continuaci\u00f3n subrayar que el modelo espa\u00f1ol de apoyo a la v\u00edctimas es un referente internacional. \u00abSeguiremos \u2013ha subrayado- impulsando ante la Uni\u00f3n Europea la adopci\u00f3n de una Carta Europea de Derechos de las V\u00edctimas de Terrorismo, en la que todos los Estados miembros se comprometan a que se eliminen las cargas administrativas y judiciales y se les brinde una asistencia y protecci\u00f3n integrales\u00bb.<\/p>\n<p>El ministro del Interior ha cerrado su intervenci\u00f3n recordando el testimonio de Teresa Jim\u00e9nez Becerril recogido en el v\u00eddeo con el que el Ministerio del Interior ha querido rendir homenaje al matrimonio asesinado por ETA en enero de 1998. La hermana del pol\u00edtico del PP asesinado afirma que \u00abquisieron matar sus ideas y resucitaron nuestros valores. Quisieron poner de rodillas a dos inocentes y s\u00f3lo consiguieron levantarnos a todos\u00bb. Estas palabras las ha hecho suyas Juan Ignacio Zoido para agregar que \u00abaqu\u00ed seguimos, levantados 20 a\u00f1os despu\u00e9s y as\u00ed seguiremos levantados siempre como sociedad que cree en la libertad, en la democracia, en el respeto y en los valores de un Estado de Derecho\u00bb.<\/p>\n","protected":false},"excerpt":{"rendered":"<p>El ministro del Interior, Juan Ignacio Zoido, ha intervenido hoy en el emotivo homenaje que se ha celebrado en Sevilla con motivo del XX aniversario de los asesinatos a manos de ETA de Alberto Jim\u00e9nez-Becerril y su esposa Ascensi\u00f3n Garc\u00eda Ortiz. Previamente, Zoido ha asistido a una misa en recuerdo a los dos asesinados que <\/p>\n","protected":false},"author":3,"featured_media":6140,"comment_status":"closed","ping_status":"closed","sticky":false,"template":"","format":"standard","meta":{"footnotes":""},"categories":[33],"tags":[],"class_list":["post-6138","post","type-post","status-publish","format-standard","has-post-thumbnail","hentry","category-politica-uncategorized"],"wps_subtitle":"","_links":{"self":[{"href":"https:\/\/www.elbuscadordeldetective.info\/index.php?rest_route=\/wp\/v2\/posts\/6138","targetHints":{"allow":["GET"]}}],"collection":[{"href":"https:\/\/www.elbuscadordeldetective.info\/index.php?rest_route=\/wp\/v2\/posts"}],"about":[{"href":"https:\/\/www.elbuscadordeldetective.info\/index.php?rest_route=\/wp\/v2\/types\/post"}],"author":[{"embeddable":true,"href":"https:\/\/www.elbuscadordeldetective.info\/index.php?rest_route=\/wp\/v2\/users\/3"}],"replies":[{"embeddable":true,"href":"https:\/\/www.elbuscadordeldetective.info\/index.php?rest_route=%2Fwp%2Fv2%2Fcomments&post=6138"}],"version-history":[{"count":1,"href":"https:\/\/www.elbuscadordeldetective.info\/index.php?rest_route=\/wp\/v2\/posts\/6138\/revisions"}],"predecessor-version":[{"id":6139,"href":"https:\/\/www.elbuscadordeldetective.info\/index.php?rest_route=\/wp\/v2\/posts\/6138\/revisions\/6139"}],"wp:featuredmedia":[{"embeddable":true,"href":"https:\/\/www.elbuscadordeldetective.info\/index.php?rest_route=\/wp\/v2\/media\/6140"}],"wp:attachment":[{"href":"https:\/\/www.elbuscadordeldetective.info\/index.php?rest_route=%2Fwp%2Fv2%2Fmedia&parent=6138"}],"wp:term":[{"taxonomy":"category","embeddable":true,"href":"https:\/\/www.elbuscadordeldetective.info\/index.php?rest_route=%2Fwp%2Fv2%2Fcategories&post=6138"},{"taxonomy":"post_tag","embeddable":true,"href":"https:\/\/www.elbuscadordeldetective.info\/index.php?rest_route=%2Fwp%2Fv2%2Ftags&post=6138"}],"curies":[{"name":"wp","href":"https:\/\/api.w.org\/{rel}","templated":true}]}}