{"id":6306,"date":"2018-02-25T01:40:42","date_gmt":"2018-02-24T23:40:42","guid":{"rendered":"http:\/\/www.eldetectivepress.org\/?p=6306"},"modified":"2018-02-25T01:46:26","modified_gmt":"2018-02-24T23:46:26","slug":"el-ministro-del-interior-califica-de-excelentes-gestores-de-la-seguridad-publica-a-los-cinco-altos-mandos-de-la-policia-nacional-que-han-tomado-posesion","status":"publish","type":"post","link":"https:\/\/www.elbuscadordeldetective.info\/?p=6306","title":{"rendered":"El ministro del Interior califica de \u00abexcelentes gestores de la seguridad p\u00fablica\u00bb a los cinco altos mandos de la Polic\u00eda Nacional que han tomado posesi\u00f3n"},"content":{"rendered":"<p>El ministro del Interior, Juan Ignacio Zoido, ha presidido hoy en la sede del Departamento la toma de posesi\u00f3n de Germ\u00e1n Rodr\u00edguez Casti\u00f1eira como comisario general de Informaci\u00f3n, de Carlos Antonio V\u00e1zquez Ara como responsable de la Divisi\u00f3n de Cooperaci\u00f3n Internacional, de Jorge Manuel Mart\u00ed Rodr\u00edguez como jefe superior de Polic\u00eda de Madrid, de Jos\u00e9 Antonio P\u00e9rez Mart\u00ednez como jefe superior de Polic\u00eda de Andaluc\u00eda Occidental y de Jes\u00fas Redondo Sanz como jefe superior de Polic\u00eda de Andaluc\u00eda Oriental.<\/p>\n<p>Durante este acto, Zoido ha estado acompa\u00f1ado por el secretario de Estado de Seguridad, Jos\u00e9 Antonio Nieto; el director general de la Polic\u00eda Nacional, Germ\u00e1n L\u00f3pez; la delegada del Gobierno de la Comunidad de Madrid, Concepci\u00f3n Dancausa, y la presidenta de la Comunidad de Madrid, Cristina Cifuentes, entre otros.<\/p>\n<p>Estos cinco cambios se integran en los recientes cambios realizados en la estructura de la Polic\u00eda Nacional que persiguen una mayor eficacia en la garant\u00eda de la seguridad de todos los espa\u00f1oles, potenciando la coordinaci\u00f3n territorial y operativa para combatir m\u00e1s eficazmente la delincuencia.<\/p>\n<p>&nbsp;<\/p>\n","protected":false},"excerpt":{"rendered":"<p>El ministro del Interior, Juan Ignacio Zoido, ha presidido hoy en la sede del Departamento la toma de posesi\u00f3n de Germ\u00e1n Rodr\u00edguez Casti\u00f1eira como comisario general de Informaci\u00f3n, de Carlos Antonio V\u00e1zquez Ara como responsable de la Divisi\u00f3n de Cooperaci\u00f3n Internacional, de Jorge Manuel Mart\u00ed Rodr\u00edguez como jefe superior de Polic\u00eda de Madrid, de Jos\u00e9 <\/p>\n","protected":false},"author":3,"featured_media":6310,"comment_status":"closed","ping_status":"closed","sticky":false,"template":"","format":"standard","meta":{"footnotes":""},"categories":[33],"tags":[],"class_list":["post-6306","post","type-post","status-publish","format-standard","has-post-thumbnail","hentry","category-politica-uncategorized"],"wps_subtitle":"","_links":{"self":[{"href":"https:\/\/www.elbuscadordeldetective.info\/index.php?rest_route=\/wp\/v2\/posts\/6306","targetHints":{"allow":["GET"]}}],"collection":[{"href":"https:\/\/www.elbuscadordeldetective.info\/index.php?rest_route=\/wp\/v2\/posts"}],"about":[{"href":"https:\/\/www.elbuscadordeldetective.info\/index.php?rest_route=\/wp\/v2\/types\/post"}],"author":[{"embeddable":true,"href":"https:\/\/www.elbuscadordeldetective.info\/index.php?rest_route=\/wp\/v2\/users\/3"}],"replies":[{"embeddable":true,"href":"https:\/\/www.elbuscadordeldetective.info\/index.php?rest_route=%2Fwp%2Fv2%2Fcomments&post=6306"}],"version-history":[{"count":1,"href":"https:\/\/www.elbuscadordeldetective.info\/index.php?rest_route=\/wp\/v2\/posts\/6306\/revisions"}],"predecessor-version":[{"id":6307,"href":"https:\/\/www.elbuscadordeldetective.info\/index.php?rest_route=\/wp\/v2\/posts\/6306\/revisions\/6307"}],"wp:featuredmedia":[{"embeddable":true,"href":"https:\/\/www.elbuscadordeldetective.info\/index.php?rest_route=\/wp\/v2\/media\/6310"}],"wp:attachment":[{"href":"https:\/\/www.elbuscadordeldetective.info\/index.php?rest_route=%2Fwp%2Fv2%2Fmedia&parent=6306"}],"wp:term":[{"taxonomy":"category","embeddable":true,"href":"https:\/\/www.elbuscadordeldetective.info\/index.php?rest_route=%2Fwp%2Fv2%2Fcategories&post=6306"},{"taxonomy":"post_tag","embeddable":true,"href":"https:\/\/www.elbuscadordeldetective.info\/index.php?rest_route=%2Fwp%2Fv2%2Ftags&post=6306"}],"curies":[{"name":"wp","href":"https:\/\/api.w.org\/{rel}","templated":true}]}}