{"id":6327,"date":"2018-03-05T02:13:30","date_gmt":"2018-03-05T00:13:30","guid":{"rendered":"http:\/\/www.eldetectivepress.org\/?p=6327"},"modified":"2018-03-05T02:19:04","modified_gmt":"2018-03-05T00:19:04","slug":"jornadas-de-seguridad-privada-en-segovia","status":"publish","type":"post","link":"https:\/\/www.elbuscadordeldetective.info\/?p=6327","title":{"rendered":"Jornadas de Seguridad Privada en Segovia"},"content":{"rendered":"<p>La Polic\u00eda Nacional de Segovia ha organizado las Jornadas de Seguridad Privada, con el fin de potenciar el\u00a0<u>intercambio de informaci\u00f3n y la colaboraci\u00f3n<\/u>. Las jornadas se celebraron ayer en la Comisar\u00eda Provincial de Segovia y fueron inauguradas por la subdelegada del Gobierno, Pilar Sanz Garc\u00eda.<\/p>\n<p>La celebraci\u00f3n de estas jornadas, a las que asistieron 170 personas del sector de seguridad privada que desarrollan su actividad en la provincia de Segovia, se encuadra en los criterios marcados por la Direcci\u00f3n General de la Polic\u00eda para conformar espacios de actuaci\u00f3n concertada con el sector de la seguridad privada y potenciar el intercambio de informaci\u00f3n y la colaboraci\u00f3n.<\/p>\n<p>El objetivo de las sesiones es incrementar la colaboraci\u00f3n y la transmisi\u00f3n de conocimientos en situaciones conflictivas, para perfeccionar los mecanismos de actuaci\u00f3n, as\u00ed como reconocer la importancia de la actividad profesional y de los fundamentos de la colaboraci\u00f3n con la seguridad p\u00fablica.<\/p>\n<p>Los ponentes de las jornadas son miembros del Cuerpo Nacional de Polic\u00eda destinados en la Comisar\u00eda de Segovia, con una amplia y contrastada experiencia profesional.<\/p>\n","protected":false},"excerpt":{"rendered":"<p>La Polic\u00eda Nacional de Segovia ha organizado las Jornadas de Seguridad Privada, con el fin de potenciar el\u00a0intercambio de informaci\u00f3n y la colaboraci\u00f3n. Las jornadas se celebraron ayer en la Comisar\u00eda Provincial de Segovia y fueron inauguradas por la subdelegada del Gobierno, Pilar Sanz Garc\u00eda. La celebraci\u00f3n de estas jornadas, a las que asistieron 170 <\/p>\n","protected":false},"author":3,"featured_media":4836,"comment_status":"closed","ping_status":"closed","sticky":false,"template":"","format":"standard","meta":{"footnotes":""},"categories":[26],"tags":[],"class_list":["post-6327","post","type-post","status-publish","format-standard","has-post-thumbnail","hentry","category-seguridad-privada"],"wps_subtitle":"","_links":{"self":[{"href":"https:\/\/www.elbuscadordeldetective.info\/index.php?rest_route=\/wp\/v2\/posts\/6327","targetHints":{"allow":["GET"]}}],"collection":[{"href":"https:\/\/www.elbuscadordeldetective.info\/index.php?rest_route=\/wp\/v2\/posts"}],"about":[{"href":"https:\/\/www.elbuscadordeldetective.info\/index.php?rest_route=\/wp\/v2\/types\/post"}],"author":[{"embeddable":true,"href":"https:\/\/www.elbuscadordeldetective.info\/index.php?rest_route=\/wp\/v2\/users\/3"}],"replies":[{"embeddable":true,"href":"https:\/\/www.elbuscadordeldetective.info\/index.php?rest_route=%2Fwp%2Fv2%2Fcomments&post=6327"}],"version-history":[{"count":1,"href":"https:\/\/www.elbuscadordeldetective.info\/index.php?rest_route=\/wp\/v2\/posts\/6327\/revisions"}],"predecessor-version":[{"id":6328,"href":"https:\/\/www.elbuscadordeldetective.info\/index.php?rest_route=\/wp\/v2\/posts\/6327\/revisions\/6328"}],"wp:featuredmedia":[{"embeddable":true,"href":"https:\/\/www.elbuscadordeldetective.info\/index.php?rest_route=\/wp\/v2\/media\/4836"}],"wp:attachment":[{"href":"https:\/\/www.elbuscadordeldetective.info\/index.php?rest_route=%2Fwp%2Fv2%2Fmedia&parent=6327"}],"wp:term":[{"taxonomy":"category","embeddable":true,"href":"https:\/\/www.elbuscadordeldetective.info\/index.php?rest_route=%2Fwp%2Fv2%2Fcategories&post=6327"},{"taxonomy":"post_tag","embeddable":true,"href":"https:\/\/www.elbuscadordeldetective.info\/index.php?rest_route=%2Fwp%2Fv2%2Ftags&post=6327"}],"curies":[{"name":"wp","href":"https:\/\/api.w.org\/{rel}","templated":true}]}}