{"id":6601,"date":"2018-04-05T20:16:39","date_gmt":"2018-04-05T18:16:39","guid":{"rendered":"http:\/\/www.eldetectivepress.org\/?p=6601"},"modified":"2018-04-05T20:17:18","modified_gmt":"2018-04-05T18:17:18","slug":"jose-manuel-holgado-preside-la-entrega-de-los-premios-guardia-civil-2017","status":"publish","type":"post","link":"https:\/\/www.elbuscadordeldetective.info\/?p=6601","title":{"rendered":"Jos\u00e9 Manuel Holgado preside la entrega de los premios \u00abGuardia Civil 2017\u00bb"},"content":{"rendered":"<p>El Director General de la Guardia Civil, Jos\u00e9 Manuel Holgado, ha presidido esta ma\u00f1ana el acto de entrega de los Premios \u00abGuardia Civil 2017\u00bb en sus diferentes modalidades, en un acto celebrado en la sede central del Cuerpo en Madrid.<\/p>\n<p>Jos\u00e9 Manuel Holgado ha comenzado su intervenci\u00f3n haciendo menci\u00f3n al hilo conductor de estos Premios, que no es otro que la promoci\u00f3n de los valores humanos, alegando que son unos valores que siempre inspiran el comportamiento de los miembros de la Benem\u00e9rita. Precisamente estos valores, su compromiso y su vocaci\u00f3n de servicio a los dem\u00e1s fueron los que les dictaron las acciones heroicas que ahora se les reconoce, porque as\u00ed lo tienen grabado en su ADN.<\/p>\n<p>El Director General ha continuado diciendo que estos galardones no s\u00f3lo reconocen a miembros del Cuerpo por sus actuaciones destacadas, sino tambi\u00e9n a quienes contribuyen a dar a conocer esos valores y a difundir la imagen de la Guardia Civil.<\/p>\n<p>Tras destacar la vocaci\u00f3n de cercan\u00eda del Servicio de Monta\u00f1a, su especializada cualificaci\u00f3n personal y su encomiable capacidad de sacrificio y entrega ante dif\u00edciles situaciones de riesgo, Holgado ha hecho homenaje a los 8 miembros del Servicio que han perdido la vida mientras participaban en el rescate de m\u00e1s de 32.000 personas.<\/p>\n<p>Jos\u00e9 Manuel Holgado ha dado la enhorabuena a todos los guardias civiles distinguidos en este acto, quienes han destacado en la prestaci\u00f3n de servicios de car\u00e1cter humanitario; as\u00ed como al Comandante P\u00e9rez, ganador del concurso de Relato Corto, porque nos permite recordar y aprender de profesionales ejemplares capaces de poner ilusi\u00f3n ante los problemas y entusiasmo al afrontar dificultades.<\/p>\n<p>Adem\u00e1s, ha hecho extensible su enhorabuena a los periodistas premiados, a los que ha felicitado agradeci\u00e9ndoles su contribuci\u00f3n a que la labor que hace a diario la Guardia Civil sea conocida por la sociedad gracias a su profesionalidad y a su especial relaci\u00f3n con la Benem\u00e9rita.<\/p>\n<p>Para finalizar, el Director ha querido recordar al Cabo 1\u00ba Diego D\u00edaz, que perdi\u00f3 su vida por salvar la de los dem\u00e1s en un arroyo de Guillena, deseando que su ejemplo y el de todos sus compa\u00f1eros ca\u00eddos en acto de servicio siempre nos inspire.<\/p>\n<p><strong>Premio Fundaci\u00f3n Guardia Civil<\/strong><\/p>\n<p>El premio \u00abFundaci\u00f3n Guardia Civil\u00bb ha sido otorgado al\u00a0 periodista y presentador de informativos Pedro Piqueras, por su trayectoria profesional, adem\u00e1s de por su rigor, transparencia y respeto, poniendo en valor d\u00eda a d\u00eda el trabajo de los guardias civiles y consiguiendo que los servicios que protagoniza el Cuerpo lleguen cada d\u00eda a un gran n\u00famero de hogares espa\u00f1oles con proximidad y calidez.<\/p>\n<p><strong>Premios Period\u00edsticos<\/strong><\/p>\n<p>En la modalidad de PRENSA ESCRITA \/ DIGITAL el galardonado ha sido Sebasti\u00e1n \u00c1lvaro Lomba, por el reportaje publicado en el Diario MARCA bajo el t\u00edtulo \u00abLos \u00c1ngeles de la Guardia\u00bb.<\/p>\n<p>Con este trabajo el escritor, aventurero y gran amante de la monta\u00f1a, ha querido rendir homenaje a todos los integrantes del Servicio de Monta\u00f1a de la Guardia Civil, con los que ha compartido muchos momentos, recalcando la gran labor que han realizado en los m\u00e1s de 20.000 rescates o las casi 32.000 personas auxiliadas en su medio siglo de existencia.<\/p>\n<p>Adem\u00e1s resalta el autor en su art\u00edculo las m\u00faltiples colaboraciones del GREIM en el programa \u00abAl filo de lo Imposible\u00bb, que dirigi\u00f3 durante 27 a\u00f1os para Televisi\u00f3n Espa\u00f1ola, con los que realiz\u00f3 algunos de los cap\u00edtulos m\u00e1s espectaculares.<\/p>\n<p>En la modalidad AUDIOVISUAL el premio ha reca\u00eddo en el periodista Manuel Marlasca Garc\u00eda, por el trabajo desarrollado en La Sexta TV, en particular en la secci\u00f3n \u00abExpediente Marlasca\u00bb que dirige de lunes a viernes en horario vespertino dentro del programa \u00bb M\u00e1s vale tarde\u00bb.<br \/>\nEn la serie de reportajes emitidos que dicho periodista ha realizado a diferentes Unidades de la Guardia Civil se plasma el trabajo diario y, en ocasiones, puntual en cuanto a un caso concreto y los constantes retos a los que se tienen que enfrentar sus integrantes, ya sea en investigaciones con gran repercusi\u00f3n p\u00fablica, operaciones contra el crimen organizado, el adiestramiento de perros para detecci\u00f3n de personas o la lucha contra el terrorismo, entre otros.<\/p>\n<p>Los diferentes temas tratados resultan de gran inter\u00e9s para el espectador, contando en ocasiones con la presencia en el plat\u00f3 del programa de especialistas y principales actores de algunas de las m\u00e1s importantes investigaciones de los \u00faltimos tiempos, y tratando temas tan diversos como la formaci\u00f3n y preparaci\u00f3n de los agentes del G.A.R., el trabajo diario que realizan los miembros del GREIM, el entrenamiento al que se someten gu\u00eda y perro del Servicio Cinol\u00f3gico, o las investigaciones llevadas a cabo por la Unidad Central Operativa (U.C.O.)<\/p>\n<p>En la modalidad de RADIO ha sido premiado el periodista Francisco Javier Ronda Iglesias, por la serie de reportajes \u00abGuardias Civiles Benem\u00e9ritos y Heroicos\u00bb, emitidos en la cadena Canal Sur Radio.<\/p>\n<p>Con esta serie de reportajes el periodista pone de manifiesto el car\u00e1cter benem\u00e9rito de los miembros de la Guardia Civil, destacando acciones meritorias de agentes que, aun estando fuera de servicio, no dudaron en poner en peligro sus propias vidas para ayudar a ciudadanos a salvar las suyas, destacando su valor y la clara vocaci\u00f3n de servicio p\u00fablico, atenci\u00f3n y ayuda al pr\u00f3jimo de manera desinteresada.<\/p>\n<p><strong>Premios Fundaci\u00f3n Legado Alfonso XIII<\/strong><\/p>\n<p>Se han entregado tambi\u00e9n los premios \u00abFundaci\u00f3n Legado Alfonso XIII\u00bb a varios agentes de la Guardia Civil por haber llevado a cabo servicios de especial relevancia.<\/p>\n<p>Estos premios fueron instituidos por S.M. el Rey Alfonso XIII el 16 de julio de 1922 para reconocer los servicios humanitarios m\u00e1s distinguidos realizados por componentes de la Guardia Civil.<\/p>\n<p>En primer lugar ha sido distinguido el Cabo 1\u00ba Marcos Ouzande Brea, destinado en Pontevedra, por el auxilio, estando franco de servicio, de una persona que hab\u00eda quedada atrapada bajo una m\u00e1quina segadora y con uno de sus brazos pr\u00e1cticamente seccionado. El Cabo 1\u00ba, junto a otra persona, realiz\u00f3 un torniquete que fue vital para salvar la vida del accidentado, coordinando los primeros auxilios necesarios mientras se daba aviso a los servicios de emergencia. Con esta acci\u00f3n consigui\u00f3 salvar su vida, ya que de no haberle prestado dichos primeros auxilios, habr\u00eda fallecido.<\/p>\n<p>A continuaci\u00f3n han sido reconocidos los servicios prestados por el Cabo 1\u00ba Jos\u00e9 Berga Rodr\u00edguez y los guardias civiles\u00a0 Antonio Gordillo D\u00edaz, Joaqu\u00edn Carlos Serrano S\u00e1nchez e Ignacio Rodrigo Pascual, por diversos auxilios y servicios prestados en Zafra (Badajoz), Los Alcores (Sevilla) y Valencia, consistentes en la reanimaci\u00f3n de una peque\u00f1a de apenas veintitr\u00e9s meses que se estaba asfixiando a causa de un cubito de hielo en su boca, la reanimaci\u00f3n de un ni\u00f1o de 3 a\u00f1os semiinconsciente al que hubo que practicar la maniobra de Heimlich, y el auxilio de un pasajero que hab\u00eda sufrido un infarto grave de miocardio, respectivamente.<\/p>\n<p>El Sargento Antonio Jim\u00e9nez Salado y los guardias civiles Enrique Fern\u00e1ndez Herrero, Alberto Gonz\u00e1lez Mateos y Sergio Cerrato Rodr\u00edguez, destinados en los Puestos de Algodonales (C\u00e1diz), Las Rozas y Navalcarnero (Madrid), han sido galardonados por suparticipaci\u00f3nen la evacuaci\u00f3n por incendio de una residencia de mayores en la localidad gaditana de Olvera, logrando rescatar a 6 personas que por su avanzada edad no pod\u00edan ponerse a salvo por sus propios medios; en el auxilio y evacuaci\u00f3n de alrededor de 300 personas\u00a0 afectadas por un incendio forestal declarado en las inmediaciones de varias urbanizaciones cercanas; y en el auxilio y liberaci\u00f3n de una persona atrapada y semiinconsciente en el interior de su veh\u00edculo envuelto en llamas.<\/p>\n<p>Por \u00faltimo, se ha premiado al Guardia Civil Enrique Ballesteros Ostolaza, destinado en el GEAS de Barcelona, que particip\u00f3 en un rescate extremo, integr\u00e1ndose en el equipo de rescate de Baleares, en el que se consigui\u00f3 recuperar con vida al experimentado espeleo-buceador balear Xisco Garc\u00eda, quien hab\u00eda permanecido en el interior de una cueva submarina m\u00e1s de 60 horas.<\/p>\n<p><strong>Premio Hermandad de Guardias Civiles Honorarios<\/strong><\/p>\n<p>Estos premios quieren destacar en p\u00fablico la labor que la Guardia Civil desarrolla en el extranjero, con la pretensi\u00f3n de difundir y reconocer el abnegado servicio y las acciones benem\u00e9ritas que prestan sus miembros fuera de Espa\u00f1a, premiando la actividad o misi\u00f3n, individual o colectiva, que haya destacado durante el a\u00f1o, con acreditado m\u00e9rito, notoriedad, especial sacrificio, trayectoria, duraci\u00f3n o amplitud. En esta edici\u00f3n ha sido galardonado el Servicio de Monta\u00f1a de la Guardia Civil por su incesante colaboraci\u00f3n con grupos de rescate de diferentes pa\u00edses, destacando la fluida cooperaci\u00f3n con la Gendarmer\u00eda Nacional Francesa en los continuos servicios prestados a ambos lados del macizo pirenaico, as\u00ed como su participaci\u00f3n en rescates en el Atlas Marroqu\u00ed o tras el terremoto que asol\u00f3 Nepal. Cabe destacar que el pasado a\u00f1o el Servicio de Monta\u00f1a celebr\u00f3 los cincuenta a\u00f1os desde su creaci\u00f3n.<\/p>\n<p><strong>Premio relato corto: \u00abGuardias Civiles ejemplares\u00bb<\/strong><\/p>\n<p>Este galard\u00f3n se otorga a un relato, real o ficticio, en el que se pone en valor historias de guardias civiles que han vencido la adversidad, convirti\u00e9ndose en personas ejemplares para los dem\u00e1s gracias a su esp\u00edritu de superaci\u00f3n<\/p>\n<p>En \u00e9sta su tercera edici\u00f3n el galard\u00f3n ha reca\u00eddo en el Comandante de la Guardia Civil\u00a0 en situaci\u00f3n de retirado Juan Miguel P\u00e9rez L\u00f3pez, por su relato \u00abGuardia 1\u00ba\u00bb publicado en la revista del Cuerpo. El relato narra la historia de un guardia civil en la posguerra, sin apenas formaci\u00f3n que, de manera autodidacta y con la ayuda de su familia, logra vencer sus dificultades con la escritura e incluso aprende a escribir en aquel novedoso invento que fue la m\u00e1quina de escribir.<\/p>\n","protected":false},"excerpt":{"rendered":"<p>El Director General de la Guardia Civil, Jos\u00e9 Manuel Holgado, ha presidido esta ma\u00f1ana el acto de entrega de los Premios \u00abGuardia Civil 2017\u00bb en sus diferentes modalidades, en un acto celebrado en la sede central del Cuerpo en Madrid. Jos\u00e9 Manuel Holgado ha comenzado su intervenci\u00f3n haciendo menci\u00f3n al hilo conductor de estos Premios, <\/p>\n","protected":false},"author":3,"featured_media":6603,"comment_status":"closed","ping_status":"closed","sticky":false,"template":"","format":"standard","meta":{"footnotes":""},"categories":[14],"tags":[],"class_list":["post-6601","post","type-post","status-publish","format-standard","has-post-thumbnail","hentry"],"wps_subtitle":"","_links":{"self":[{"href":"https:\/\/www.elbuscadordeldetective.info\/index.php?rest_route=\/wp\/v2\/posts\/6601","targetHints":{"allow":["GET"]}}],"collection":[{"href":"https:\/\/www.elbuscadordeldetective.info\/index.php?rest_route=\/wp\/v2\/posts"}],"about":[{"href":"https:\/\/www.elbuscadordeldetective.info\/index.php?rest_route=\/wp\/v2\/types\/post"}],"author":[{"embeddable":true,"href":"https:\/\/www.elbuscadordeldetective.info\/index.php?rest_route=\/wp\/v2\/users\/3"}],"replies":[{"embeddable":true,"href":"https:\/\/www.elbuscadordeldetective.info\/index.php?rest_route=%2Fwp%2Fv2%2Fcomments&post=6601"}],"version-history":[{"count":1,"href":"https:\/\/www.elbuscadordeldetective.info\/index.php?rest_route=\/wp\/v2\/posts\/6601\/revisions"}],"predecessor-version":[{"id":6602,"href":"https:\/\/www.elbuscadordeldetective.info\/index.php?rest_route=\/wp\/v2\/posts\/6601\/revisions\/6602"}],"wp:featuredmedia":[{"embeddable":true,"href":"https:\/\/www.elbuscadordeldetective.info\/index.php?rest_route=\/wp\/v2\/media\/6603"}],"wp:attachment":[{"href":"https:\/\/www.elbuscadordeldetective.info\/index.php?rest_route=%2Fwp%2Fv2%2Fmedia&parent=6601"}],"wp:term":[{"taxonomy":"category","embeddable":true,"href":"https:\/\/www.elbuscadordeldetective.info\/index.php?rest_route=%2Fwp%2Fv2%2Fcategories&post=6601"},{"taxonomy":"post_tag","embeddable":true,"href":"https:\/\/www.elbuscadordeldetective.info\/index.php?rest_route=%2Fwp%2Fv2%2Ftags&post=6601"}],"curies":[{"name":"wp","href":"https:\/\/api.w.org\/{rel}","templated":true}]}}