{"id":667,"date":"2017-05-23T07:31:07","date_gmt":"2017-05-23T05:31:07","guid":{"rendered":"http:\/\/www.eldetectivepress.org\/?p=667"},"modified":"2017-05-23T07:31:50","modified_gmt":"2017-05-23T05:31:50","slug":"sanz-anuncia-una-comision-mixta-regional-de-seguridad-privada","status":"publish","type":"post","link":"https:\/\/www.elbuscadordeldetective.info\/?p=667","title":{"rendered":"Sanz anuncia una comisi\u00f3n mixta regional de seguridad privada"},"content":{"rendered":"<p class=\"mce\">El delegado del Gobierno en Andaluc\u00eda, Antonio Sanz, anunci\u00f3 ayer la creaci\u00f3n de una comisi\u00f3n mixta regional de seguridad privada para aumentar la \u00abcolaboraci\u00f3n\u00bb con el sector privado, que cuenta con 17.000 vigilantes en la comunidad. En la clausura del D\u00eda de la Seguridad Privada en Sevilla, donde se dieron menciones a 60 vigilantes, guardas rurales, responsables y t\u00e9cnicos de empresas de seguridad, Sanz dijo que son \u00ablos mejores aliados de las Fuerzas y Cuerpos de Seguridad del Estado (FCSE), integrados, bajo su tutela, en el modelo de seguridad colectivo\u00bb.<\/p>\n<p class=\"mce\">El delegado indic\u00f3 que la ley de Seguridad Privada ha contribuido a \u00abafianzar\u00bb en Espa\u00f1a y en Andaluc\u00eda. El borrador que desarrollar\u00e1 el reglamento de dicha ley est\u00e1 muy avanzado y en breve se iniciar\u00e1 su tramitaci\u00f3n, informaron fuentes de la Delegaci\u00f3n del Gobierno en Andaluc\u00eda.<\/p>\n<p class=\"mce\">La Comisi\u00f3n Mixta Regional de coordinaci\u00f3n de Seguridad Privada se crear\u00e1 en los pr\u00f3ximos d\u00edas para mantener un contacto directo e intercambiar experiencias de las FCSE y las empresas de seguridad privada, as\u00ed como para formular propuestas conjuntas de procedimientos de lucha contra la delincuencia objeto de la seguridad privada.<\/p>\n<p class=\"mce\">Los cambios normativos y las necesidades de \u00abmodernizar la gesti\u00f3n y aumentar la colaboraci\u00f3n\u00bb han llevado a trabajar en la regulaci\u00f3n y puesta en marcha de la comisi\u00f3n, para \u00abdar cumplimiento a algunas demandas del sector, con el objetivo de impulsar el aumento y la mejora en las relaciones\u00bb, se\u00f1al\u00f3 Sanz.<\/p>\n","protected":false},"excerpt":{"rendered":"<p>El delegado del Gobierno en Andaluc\u00eda, Antonio Sanz, anunci\u00f3 ayer la creaci\u00f3n de una comisi\u00f3n mixta regional de seguridad privada para aumentar la \u00abcolaboraci\u00f3n\u00bb con el sector privado, que cuenta con 17.000 vigilantes en la comunidad. En la clausura del D\u00eda de la Seguridad Privada en Sevilla, donde se dieron menciones a 60 vigilantes, guardas <\/p>\n","protected":false},"author":1,"featured_media":669,"comment_status":"closed","ping_status":"closed","sticky":false,"template":"","format":"standard","meta":{"footnotes":""},"categories":[14],"tags":[],"class_list":["post-667","post","type-post","status-publish","format-standard","has-post-thumbnail","hentry"],"wps_subtitle":"","_links":{"self":[{"href":"https:\/\/www.elbuscadordeldetective.info\/index.php?rest_route=\/wp\/v2\/posts\/667","targetHints":{"allow":["GET"]}}],"collection":[{"href":"https:\/\/www.elbuscadordeldetective.info\/index.php?rest_route=\/wp\/v2\/posts"}],"about":[{"href":"https:\/\/www.elbuscadordeldetective.info\/index.php?rest_route=\/wp\/v2\/types\/post"}],"author":[{"embeddable":true,"href":"https:\/\/www.elbuscadordeldetective.info\/index.php?rest_route=\/wp\/v2\/users\/1"}],"replies":[{"embeddable":true,"href":"https:\/\/www.elbuscadordeldetective.info\/index.php?rest_route=%2Fwp%2Fv2%2Fcomments&post=667"}],"version-history":[{"count":1,"href":"https:\/\/www.elbuscadordeldetective.info\/index.php?rest_route=\/wp\/v2\/posts\/667\/revisions"}],"predecessor-version":[{"id":668,"href":"https:\/\/www.elbuscadordeldetective.info\/index.php?rest_route=\/wp\/v2\/posts\/667\/revisions\/668"}],"wp:featuredmedia":[{"embeddable":true,"href":"https:\/\/www.elbuscadordeldetective.info\/index.php?rest_route=\/wp\/v2\/media\/669"}],"wp:attachment":[{"href":"https:\/\/www.elbuscadordeldetective.info\/index.php?rest_route=%2Fwp%2Fv2%2Fmedia&parent=667"}],"wp:term":[{"taxonomy":"category","embeddable":true,"href":"https:\/\/www.elbuscadordeldetective.info\/index.php?rest_route=%2Fwp%2Fv2%2Fcategories&post=667"},{"taxonomy":"post_tag","embeddable":true,"href":"https:\/\/www.elbuscadordeldetective.info\/index.php?rest_route=%2Fwp%2Fv2%2Ftags&post=667"}],"curies":[{"name":"wp","href":"https:\/\/api.w.org\/{rel}","templated":true}]}}