{"id":6807,"date":"2018-06-05T22:08:03","date_gmt":"2018-06-05T20:08:03","guid":{"rendered":"http:\/\/www.eldetectivepress.org\/?p=6807"},"modified":"2018-06-13T09:29:49","modified_gmt":"2018-06-13T07:29:49","slug":"6807","status":"publish","type":"post","link":"https:\/\/www.elbuscadordeldetective.info\/?p=6807","title":{"rendered":"D\u00eda de la Seguridad Privada en Sevilla"},"content":{"rendered":"<p>El acto ha tenido lugar en el Sal\u00f3n de Actos de la Fundaci\u00f3n Cajasol (Plaza de San Francisco , 1) interviniendo el Comisario Ppal Jefe Superior de Andaluc\u00eda Occidental, General Jefe de la Guardia Civil Andaluc\u00eda Occidental, el Subdelegado del Gobierno , representantes de APESS, APROSER y ASEFOSP.<\/p>\n<p><img loading=\"lazy\" decoding=\"async\" class=\"alignleft size-medium wp-image-6819\" src=\"http:\/\/www.eldetectivepress.org\/wp-content\/uploads\/2018\/06\/IMG-20180607-WA0003-300x169.jpg\" alt=\"\" width=\"300\" height=\"169\" srcset=\"https:\/\/www.elbuscadordeldetective.info\/wp-content\/uploads\/2018\/06\/IMG-20180607-WA0003-300x169.jpg 300w, https:\/\/www.elbuscadordeldetective.info\/wp-content\/uploads\/2018\/06\/IMG-20180607-WA0003-768x432.jpg 768w, https:\/\/www.elbuscadordeldetective.info\/wp-content\/uploads\/2018\/06\/IMG-20180607-WA0003-1024x576.jpg 1024w, https:\/\/www.elbuscadordeldetective.info\/wp-content\/uploads\/2018\/06\/IMG-20180607-WA0003-696x392.jpg 696w, https:\/\/www.elbuscadordeldetective.info\/wp-content\/uploads\/2018\/06\/IMG-20180607-WA0003-1068x601.jpg 1068w, https:\/\/www.elbuscadordeldetective.info\/wp-content\/uploads\/2018\/06\/IMG-20180607-WA0003-747x420.jpg 747w, https:\/\/www.elbuscadordeldetective.info\/wp-content\/uploads\/2018\/06\/IMG-20180607-WA0003.jpg 1328w\" sizes=\"auto, (max-width: 300px) 100vw, 300px\" \/><\/p>\n<p>Entre los galardonados se encuentran Jos\u00e9 Maria Romero, Delegado de la Asociaci\u00f3n Nacional de Agencias de Detectives\u00a0 Privados de Espa\u00f1a (ANADPE)y Jos\u00c9 Mar\u00eda Dominguez miembro de la misma asociaci\u00f3n.<\/p>\n<p>Desde ElBuscadordelDetective nuestra m\u00e1s sincera felicitaci\u00f3n al amigo y excelente profesional Eloy de Paco y al resto de los premiados.<\/p>\n","protected":false},"excerpt":{"rendered":"<p>El acto ha tenido lugar en el Sal\u00f3n de Actos de la Fundaci\u00f3n Cajasol (Plaza de San Francisco , 1) interviniendo el Comisario Ppal Jefe Superior de Andaluc\u00eda Occidental, General Jefe de la Guardia Civil Andaluc\u00eda Occidental, el Subdelegado del Gobierno , representantes de APESS, APROSER y ASEFOSP. Entre los galardonados se encuentran Jos\u00e9 Maria <\/p>\n","protected":false},"author":3,"featured_media":6818,"comment_status":"closed","ping_status":"closed","sticky":false,"template":"","format":"standard","meta":{"footnotes":""},"categories":[33],"tags":[],"class_list":["post-6807","post","type-post","status-publish","format-standard","has-post-thumbnail","hentry","category-politica-uncategorized"],"wps_subtitle":"","_links":{"self":[{"href":"https:\/\/www.elbuscadordeldetective.info\/index.php?rest_route=\/wp\/v2\/posts\/6807","targetHints":{"allow":["GET"]}}],"collection":[{"href":"https:\/\/www.elbuscadordeldetective.info\/index.php?rest_route=\/wp\/v2\/posts"}],"about":[{"href":"https:\/\/www.elbuscadordeldetective.info\/index.php?rest_route=\/wp\/v2\/types\/post"}],"author":[{"embeddable":true,"href":"https:\/\/www.elbuscadordeldetective.info\/index.php?rest_route=\/wp\/v2\/users\/3"}],"replies":[{"embeddable":true,"href":"https:\/\/www.elbuscadordeldetective.info\/index.php?rest_route=%2Fwp%2Fv2%2Fcomments&post=6807"}],"version-history":[{"count":6,"href":"https:\/\/www.elbuscadordeldetective.info\/index.php?rest_route=\/wp\/v2\/posts\/6807\/revisions"}],"predecessor-version":[{"id":6820,"href":"https:\/\/www.elbuscadordeldetective.info\/index.php?rest_route=\/wp\/v2\/posts\/6807\/revisions\/6820"}],"wp:featuredmedia":[{"embeddable":true,"href":"https:\/\/www.elbuscadordeldetective.info\/index.php?rest_route=\/wp\/v2\/media\/6818"}],"wp:attachment":[{"href":"https:\/\/www.elbuscadordeldetective.info\/index.php?rest_route=%2Fwp%2Fv2%2Fmedia&parent=6807"}],"wp:term":[{"taxonomy":"category","embeddable":true,"href":"https:\/\/www.elbuscadordeldetective.info\/index.php?rest_route=%2Fwp%2Fv2%2Fcategories&post=6807"},{"taxonomy":"post_tag","embeddable":true,"href":"https:\/\/www.elbuscadordeldetective.info\/index.php?rest_route=%2Fwp%2Fv2%2Ftags&post=6807"}],"curies":[{"name":"wp","href":"https:\/\/api.w.org\/{rel}","templated":true}]}}