{"id":7050,"date":"2019-01-18T22:59:48","date_gmt":"2019-01-18T20:59:48","guid":{"rendered":"http:\/\/www.eldetectivepress.org\/?p=7050"},"modified":"2019-01-18T22:59:48","modified_gmt":"2019-01-18T20:59:48","slug":"el-gobierno-aprueba-su-plan-para-suprimir-concertinas","status":"publish","type":"post","link":"https:\/\/www.elbuscadordeldetective.info\/?p=7050","title":{"rendered":"El Gobierno aprueba su plan para suprimir concertinas"},"content":{"rendered":"<p>El ministro del Interior, Fernando Grande-Marlaska, anunci\u00f3 este viernes la<strong>\u00a0pr\u00f3xima eliminaci\u00f3n de las concertinas<\/strong>\u00a0en las \u00abzonas m\u00e1s vulnerables\u00bb de la frontera entre Ceuta y Melilla. La supresi\u00f3n de las cuchillas que coronan las vallas y provocan profundos cortes a los inmigrantes que intentan saltarlas era un\u00a0<a href=\"https:\/\/www.hoy.es\/nacional\/interior-rebaja-ordenes-20190103130755-ntrc.html\" data-voc-vtm-id=\"in-text-traffic\">compromiso del PSOE y fue una de las principales promesas del Gobierno de Pedro S\u00e1nchez\u00a0<\/a>en sus primeras semanas de andadura. Ahora ya hay un proyecto concreto.<\/p>\n<p>El Consejo de Ministros aprob\u00f3 un plan de infraestructuras de seguridad del Estado que incluye, seg\u00fan explic\u00f3 Grande-Marlaska, el refuerzo de los per\u00edmetros fronterizos. El plan es el resultado de un estudio que ha llevado varios meses y en el que se han identificado las zonas en las que por\u00a0<strong>razones orogr\u00e1ficas o t\u00e9cnicas\u00a0<\/strong>se ha producido hasta ahora un mayor n\u00famero de intentos de saltar a territorio espa\u00f1ol de manera ilegal.<\/p>\n<p>El ministro argument\u00f3 que adem\u00e1s de tratarse de un medio \u00abcruento\u00bb las concertinas no resultan disuasorias. En su lugar, est\u00e1 previsto colocar nuevas vallas de mayor altura (ahora miden en torno a seis metros) e introducir un sistema de detecci\u00f3n temprana de las posibles avalanchas con\u00a0<strong>c\u00e1maras t\u00e9rmicas de largo alcance\u00a0<\/strong>para poder anticiparse a los movimientos de inmigrantes indocumentados en el lado marroqu\u00ed antes de que lleguen a la frontera. \u00ab<a href=\"https:\/\/www.hoy.es\/nacional\/marlaska-2019-fin-concertinas-ceuta-melilla-20181207215654-ntrc.html\" data-voc-vtm-id=\"in-text-traffic\">Este Gobierno cumple \u2013se vanaglori\u00f3 Grande-Marlaska\u2013 . Dijimos que se iba a hacer y se est\u00e1 haciendo\u00a0<\/a>proque nos tomamos muy en serio la Seguridad y los Derechos Humanos. Ambas son realidades perfectamente compatibles\u00bb.<\/p>\n<p>El Gobierno tambi\u00e9n anunci\u00f3 hoy que en el plazo de un a\u00f1o se acometer\u00e1 una \u00abreforma integral\u00bb de los ocho Centros de Internamiento de Extrajeros que hay en Espa\u00f1a para garantizar un \u00abmayor respeto a la dignidad y los derechos\u00bb de los internos y que antes de 2022 se construir\u00e1 uno nuevo en Algeciras.<\/p>\n","protected":false},"excerpt":{"rendered":"<p>El ministro del Interior, Fernando Grande-Marlaska, anunci\u00f3 este viernes la\u00a0pr\u00f3xima eliminaci\u00f3n de las concertinas\u00a0en las \u00abzonas m\u00e1s vulnerables\u00bb de la frontera entre Ceuta y Melilla. La supresi\u00f3n de las cuchillas que coronan las vallas y provocan profundos cortes a los inmigrantes que intentan saltarlas era un\u00a0compromiso del PSOE y fue una de las principales promesas <\/p>\n","protected":false},"author":3,"featured_media":7051,"comment_status":"closed","ping_status":"closed","sticky":false,"template":"","format":"standard","meta":{"footnotes":""},"categories":[33],"tags":[],"class_list":["post-7050","post","type-post","status-publish","format-standard","has-post-thumbnail","hentry","category-politica-uncategorized"],"wps_subtitle":"","_links":{"self":[{"href":"https:\/\/www.elbuscadordeldetective.info\/index.php?rest_route=\/wp\/v2\/posts\/7050","targetHints":{"allow":["GET"]}}],"collection":[{"href":"https:\/\/www.elbuscadordeldetective.info\/index.php?rest_route=\/wp\/v2\/posts"}],"about":[{"href":"https:\/\/www.elbuscadordeldetective.info\/index.php?rest_route=\/wp\/v2\/types\/post"}],"author":[{"embeddable":true,"href":"https:\/\/www.elbuscadordeldetective.info\/index.php?rest_route=\/wp\/v2\/users\/3"}],"replies":[{"embeddable":true,"href":"https:\/\/www.elbuscadordeldetective.info\/index.php?rest_route=%2Fwp%2Fv2%2Fcomments&post=7050"}],"version-history":[{"count":1,"href":"https:\/\/www.elbuscadordeldetective.info\/index.php?rest_route=\/wp\/v2\/posts\/7050\/revisions"}],"predecessor-version":[{"id":7052,"href":"https:\/\/www.elbuscadordeldetective.info\/index.php?rest_route=\/wp\/v2\/posts\/7050\/revisions\/7052"}],"wp:featuredmedia":[{"embeddable":true,"href":"https:\/\/www.elbuscadordeldetective.info\/index.php?rest_route=\/wp\/v2\/media\/7051"}],"wp:attachment":[{"href":"https:\/\/www.elbuscadordeldetective.info\/index.php?rest_route=%2Fwp%2Fv2%2Fmedia&parent=7050"}],"wp:term":[{"taxonomy":"category","embeddable":true,"href":"https:\/\/www.elbuscadordeldetective.info\/index.php?rest_route=%2Fwp%2Fv2%2Fcategories&post=7050"},{"taxonomy":"post_tag","embeddable":true,"href":"https:\/\/www.elbuscadordeldetective.info\/index.php?rest_route=%2Fwp%2Fv2%2Ftags&post=7050"}],"curies":[{"name":"wp","href":"https:\/\/api.w.org\/{rel}","templated":true}]}}