{"id":7503,"date":"2020-03-31T18:41:00","date_gmt":"2020-03-31T16:41:00","guid":{"rendered":"http:\/\/www.eldetectivepress.org\/?p=7503"},"modified":"2020-04-01T18:42:33","modified_gmt":"2020-04-01T16:42:33","slug":"el-cgpj-mantiene-los-servicios-esenciales-en-la-administracion-de-justicia-establecidos-el-pasado-14-de-marzo","status":"publish","type":"post","link":"https:\/\/www.elbuscadordeldetective.info\/?p=7503","title":{"rendered":"El CGPJ mantiene los servicios esenciales en la Administraci\u00f3n de Justicia establecidos el pasado 14 de marzo"},"content":{"rendered":"<p>La Comisi\u00f3n Permanente del Consejo General del Poder Judicial ha acordado hoy mantener los servicios esenciales en la Administraci\u00f3n de Justicia establecidos en su sesi\u00f3n del pasado 14 de marzo y que hab\u00edan sido fijados el d\u00eda anterior en coordinaci\u00f3n con el Ministerio de Justicia y la Fiscal\u00eda General del Estado.<\/p>\n<p>El acuerdo se ha adoptado a la vista del contenido del Real Decreto-Ley 10\/2020, de 29 de marzo, por el que se regula un permiso retribuido recuperable para las personas trabajadoras por cuenta ajena que no presten servicios esenciales, con el fin de reducir la movilidad de la poblaci\u00f3n en el contexto de la lucha contra el COVID-19.<\/p>\n<p>El \u00f3rgano de gobierno de los jueces se\u00f1ala en su acuerdo que \u201cla actividad jurisdiccional se desarrollar\u00e1 en el respectivo \u00e1mbito territorial de acuerdo con lo establecido por las Comisiones de Seguimiento competentes y conforme a los criterios fijados por la Comisi\u00f3n Permanente del Consejo General del Poder Judicial\u201d.<\/p>\n<p>Adem\u00e1s, requiere a las Administraciones p\u00fablicas prestacionales la dotaci\u00f3n de los medios personales y materiales necesarios para garantizar la prestaci\u00f3n de los servicios esenciales fijados y reitera que se mantendr\u00e1 \u201cla debida colaboraci\u00f3n y coordinaci\u00f3n con el Ministerio de Justicia y la Fiscal\u00eda General del Estado con el fin de adaptar el contenido de los servicios esenciales a la evoluci\u00f3n de las necesidades\u201d.<\/p>\n<p>El Real Decreto-Ley 10\/2020 establece en su disposici\u00f3n adicional tercera que \u201clos jueces, fiscales, letrados de la Administraci\u00f3n de Justicia y dem\u00e1s personal al servicio de la misma seguir\u00e1n atendiendo las actuaciones procesales no suspendidas por el Real Decreto 463\/2020, de 14 de marzo, por el que se declara el estado de alarma para la gesti\u00f3n de la situaci\u00f3n de crisis sanitaria ocasionada por el COVID-19, y, de esta manera, cumplir\u00e1n con los servicios esenciales fijados consensuadamente por el Ministerio de Justicia, el Consejo General del Poder Judicial, la Fiscal\u00eda General del Estado y las comunidades aut\u00f3nomas con competencias en la materia, y plasmados en la Resoluci\u00f3n del Secretario de Estado de Justicia de fecha 14 de marzo de 2020, con las adaptaciones que en su caso sean necesarias a la vista de lo dispuesto en el presente Real Decreto-Ley. Asimismo, continuar\u00e1n prestando servicios el personal de Administraci\u00f3n de Justicia que sea necesario para la prestaci\u00f3n de servicios esenciales del Registro Civil conforme a las Instrucciones del Ministerio de Justicia\u201d.<\/p>\n<p>La Comisi\u00f3n Permanente tambi\u00e9n ha acordado hoy mantener los servicios esenciales en los centros de trabajo del Consejo General del Poder Judicial y la organizaci\u00f3n de los mismos conforme a las instrucciones y protocolos de actuaci\u00f3n establecidos por este \u00f3rgano constitucional, sin perjuicio de ulteriores adaptaciones de acuerdo con las disposiciones dictadas por las autoridades competentes.<\/p>\n","protected":false},"excerpt":{"rendered":"<p>La Comisi\u00f3n Permanente del Consejo General del Poder Judicial ha acordado hoy mantener los servicios esenciales en la Administraci\u00f3n de Justicia establecidos en su sesi\u00f3n del pasado 14 de marzo y que hab\u00edan sido fijados el d\u00eda anterior en coordinaci\u00f3n con el Ministerio de Justicia y la Fiscal\u00eda General del Estado. El acuerdo se ha <\/p>\n","protected":false},"author":3,"featured_media":6759,"comment_status":"closed","ping_status":"closed","sticky":false,"template":"","format":"standard","meta":{"footnotes":""},"categories":[18],"tags":[],"class_list":["post-7503","post","type-post","status-publish","format-standard","has-post-thumbnail","hentry","category-el-mundo-de-la-justicia"],"wps_subtitle":"Atendido el contenido del Real Decreto-Ley 10\/2020 publicado ayer en el Bolet\u00edn Oficial del Estado","_links":{"self":[{"href":"https:\/\/www.elbuscadordeldetective.info\/index.php?rest_route=\/wp\/v2\/posts\/7503","targetHints":{"allow":["GET"]}}],"collection":[{"href":"https:\/\/www.elbuscadordeldetective.info\/index.php?rest_route=\/wp\/v2\/posts"}],"about":[{"href":"https:\/\/www.elbuscadordeldetective.info\/index.php?rest_route=\/wp\/v2\/types\/post"}],"author":[{"embeddable":true,"href":"https:\/\/www.elbuscadordeldetective.info\/index.php?rest_route=\/wp\/v2\/users\/3"}],"replies":[{"embeddable":true,"href":"https:\/\/www.elbuscadordeldetective.info\/index.php?rest_route=%2Fwp%2Fv2%2Fcomments&post=7503"}],"version-history":[{"count":1,"href":"https:\/\/www.elbuscadordeldetective.info\/index.php?rest_route=\/wp\/v2\/posts\/7503\/revisions"}],"predecessor-version":[{"id":7504,"href":"https:\/\/www.elbuscadordeldetective.info\/index.php?rest_route=\/wp\/v2\/posts\/7503\/revisions\/7504"}],"wp:featuredmedia":[{"embeddable":true,"href":"https:\/\/www.elbuscadordeldetective.info\/index.php?rest_route=\/wp\/v2\/media\/6759"}],"wp:attachment":[{"href":"https:\/\/www.elbuscadordeldetective.info\/index.php?rest_route=%2Fwp%2Fv2%2Fmedia&parent=7503"}],"wp:term":[{"taxonomy":"category","embeddable":true,"href":"https:\/\/www.elbuscadordeldetective.info\/index.php?rest_route=%2Fwp%2Fv2%2Fcategories&post=7503"},{"taxonomy":"post_tag","embeddable":true,"href":"https:\/\/www.elbuscadordeldetective.info\/index.php?rest_route=%2Fwp%2Fv2%2Ftags&post=7503"}],"curies":[{"name":"wp","href":"https:\/\/api.w.org\/{rel}","templated":true}]}}