{"id":7590,"date":"2020-04-03T11:17:23","date_gmt":"2020-04-03T09:17:23","guid":{"rendered":"http:\/\/www.eldetectivepress.org\/?p=7590"},"modified":"2020-04-03T12:20:37","modified_gmt":"2020-04-03T10:20:37","slug":"la-crisis-del-coronavirus-provoca-la-perdida-de-900-000-empleos-desde-el-inicio-del-estado-de-alarma","status":"publish","type":"post","link":"https:\/\/www.elbuscadordeldetective.info\/?p=7590","title":{"rendered":"La crisis del coronavirus provoca la p\u00e9rdida de 900.000 empleos desde el inicio del estado de alarma"},"content":{"rendered":"<div class=\"intro\">Los efectos del Covid dan un golpe sin precedentes al mercado laboral y elevan la cifra de parados a 3,5 millones.En apenas dos semanas, desde que comenzaron a notarse en la econom\u00eda las consecuencias de la crisis, la ca\u00edda del empleo no ha tenido precedentes: casi 900.000 afiliados menos a la Seguridad Social, que dejaron el volumen total en 18,4 millones a final de mes.<\/div>\n<div class=\"desarrollo\">\n<p>El paro tambi\u00e9n ha roto sus registros negativos al subir en 302.265 desempleados, seg\u00fan los datos publicados por los ministerios de Trabajo y Seguridad Social. En este golpe laboral, no se suman los 620.00 afectados por ERTE ya procesados por los servicios p\u00fablicos.<\/p>\n<p>El impacto del Covid en la econom\u00eda apenas se notaba en los registros laborales hasta que el 9 de marzo comenzaron a cerrarse los colegios por el avance de la crisis sanitaria. Los d\u00edas siguientes empez\u00f3 a notarse el estancamiento brusco en la afiliaci\u00f3n a la Seguridad Social y, por tanto, en la ocupaci\u00f3n. Y el 12 de marzo lleg\u00f3 el desplome. Desde entonces, se han perdido 898.822 empleos, como cuantific\u00f3 el propio Ministerio. Si se toma el mes entero, la ca\u00edda es un poco menor: 838.979 afiliados menos entre el 29 de febrero y el 31 de marzo. A\u00fan as\u00ed es el peor dato de la serie estad\u00edstica.<\/p>\n<p>Para ilustrar la magnitud del impacto, el ministro Jos\u00e9 Luis Escriv\u00e1 ha comparado lo sucedido en poco m\u00e1s de tres semanas con lo sucedido entre el 2 octubre de 2008 y el 27 febrero de 2009. Entonces, en aquellos cinco meses (101 d\u00edas laborables) que pod\u00edan calificarse como la zona cero de la Gran Recesi\u00f3n empujada por la quiebra del gran banco de inversi\u00f3n Lehman Brothers, la Seguridad Social perdi\u00f3 un poco m\u00e1s de 900.000 afiliados. Ahora ha perdido una cifra similar dos semanas, el tiempo que va desde la v\u00edspera del estado de alarma hasta el 31 de marzo, y deja la cifra total de ocupados cotizando en 18,4 millones. En apenas 14 d\u00edas, la Seguridad Social ha vuelto al nivel de afiliaci\u00f3n con que cerr\u00f3 febrero de 2018. \u201cEstamos en una situaci\u00f3n excepcional y los datos son excepcionales\u201d, ha advertido Escriv\u00e1.<\/p>\n<\/div>\n","protected":false},"excerpt":{"rendered":"<p>Los efectos del Covid dan un golpe sin precedentes al mercado laboral y elevan la cifra de parados a 3,5 millones.En apenas dos semanas, desde que comenzaron a notarse en la econom\u00eda las consecuencias de la crisis, la ca\u00edda del empleo no ha tenido precedentes: casi 900.000 afiliados menos a la Seguridad Social, que dejaron <\/p>\n","protected":false},"author":3,"featured_media":7591,"comment_status":"closed","ping_status":"closed","sticky":false,"template":"","format":"standard","meta":{"footnotes":""},"categories":[33],"tags":[],"class_list":["post-7590","post","type-post","status-publish","format-standard","has-post-thumbnail","hentry","category-politica-uncategorized"],"wps_subtitle":"","_links":{"self":[{"href":"https:\/\/www.elbuscadordeldetective.info\/index.php?rest_route=\/wp\/v2\/posts\/7590","targetHints":{"allow":["GET"]}}],"collection":[{"href":"https:\/\/www.elbuscadordeldetective.info\/index.php?rest_route=\/wp\/v2\/posts"}],"about":[{"href":"https:\/\/www.elbuscadordeldetective.info\/index.php?rest_route=\/wp\/v2\/types\/post"}],"author":[{"embeddable":true,"href":"https:\/\/www.elbuscadordeldetective.info\/index.php?rest_route=\/wp\/v2\/users\/3"}],"replies":[{"embeddable":true,"href":"https:\/\/www.elbuscadordeldetective.info\/index.php?rest_route=%2Fwp%2Fv2%2Fcomments&post=7590"}],"version-history":[{"count":2,"href":"https:\/\/www.elbuscadordeldetective.info\/index.php?rest_route=\/wp\/v2\/posts\/7590\/revisions"}],"predecessor-version":[{"id":7593,"href":"https:\/\/www.elbuscadordeldetective.info\/index.php?rest_route=\/wp\/v2\/posts\/7590\/revisions\/7593"}],"wp:featuredmedia":[{"embeddable":true,"href":"https:\/\/www.elbuscadordeldetective.info\/index.php?rest_route=\/wp\/v2\/media\/7591"}],"wp:attachment":[{"href":"https:\/\/www.elbuscadordeldetective.info\/index.php?rest_route=%2Fwp%2Fv2%2Fmedia&parent=7590"}],"wp:term":[{"taxonomy":"category","embeddable":true,"href":"https:\/\/www.elbuscadordeldetective.info\/index.php?rest_route=%2Fwp%2Fv2%2Fcategories&post=7590"},{"taxonomy":"post_tag","embeddable":true,"href":"https:\/\/www.elbuscadordeldetective.info\/index.php?rest_route=%2Fwp%2Fv2%2Ftags&post=7590"}],"curies":[{"name":"wp","href":"https:\/\/api.w.org\/{rel}","templated":true}]}}