{"id":7966,"date":"2022-02-15T02:19:19","date_gmt":"2022-02-15T00:19:19","guid":{"rendered":"https:\/\/www.elbuscadordeldetective.info\/?p=7966"},"modified":"2022-02-15T02:19:21","modified_gmt":"2022-02-15T00:19:21","slug":"el-alza-de-las-cotizaciones-pone-en-jaque-al-autonomo","status":"publish","type":"post","link":"https:\/\/www.elbuscadordeldetective.info\/?p=7966","title":{"rendered":"El alza de las cotizaciones  pone en jaque al aut\u00f3nomo"},"content":{"rendered":"\n<p class=\"wp-block-paragraph\">La incertidumbre se cierne sobre emprendedores y aut\u00f3nomos. El contexto actual con las \u00faltimas decisiones del Gobierno tras la Reforma Laboral (<a href=\"https:\/\/www.eleconomista.es\/economia\/noticias\/11564992\/01\/22\/Escriva-plantea-cuotas-de-entre-184-y-1267-euros-para-los-autonomos.html\">subida de las cotizaciones a aut\u00f3nomos<\/a>&nbsp;y subida del Salario M\u00ednimo Interprofesional), supone grandes dificultades para los peque\u00f1os empresarios, que ven en estas medidas un paso atr\u00e1s para sus negocios. Estas circunstancias se suman a la inoperancia del Gobierno en cuanto al reparto de los fondos europeas para pymes y aut\u00f3nomos, que sufren por una lado la falta de atenci\u00f3n por parte del Ejecutivo en las ayudas, mientras por el otro les dificultan el progreso.<\/p>\n\n\n\n<p class=\"wp-block-paragraph\">La subida de las cotizaciones, as\u00ed como la subida del SMI, posiciona al Ejecutivo&nbsp;<strong>en contra de proteger el talento de nuestro pa\u00eds<\/strong>, a parte de que no est\u00e1n haciendo caso a las necesidades de las peque\u00f1as empresas y los trabajadores aut\u00f3nomos. Estas necesidades se amplifican cuando hablamos de los emprendedores m\u00e1s j\u00f3venes, ya que medidas como estas no hacen m\u00e1s que frenar el esp\u00edritu emprendedor. En palabras a elEconomista, el presidente de la Confederaci\u00f3n de Espa\u00f1ola de J\u00f3venes Empresarios (Ceaje), Ferm\u00edn Albaladejo, considera que el Ejecutivo no conoce las necesidades de los j\u00f3venes emprendedores y que, desde Ceaje, \u00abconocemos de cerca las trabas que se encuentran los j\u00f3venes empresarios, que ahora se topan con una nueva piedra en el camino y que atenta claramente contra el esp\u00edritu emprendedor. Hemos conseguido que Espa\u00f1a entre en el Top 20 de pa\u00edses con mejor ecosistema para emprender, pero&nbsp;<strong>el Gobierno parece ir en sentido contrario<\/strong>&nbsp;a las metas conseguidas y pone en peligro este ecosistema\u00bb.<\/p>\n\n\n\n<p class=\"wp-block-paragraph\">La reforma que plantea el Gobierno en cuanto a las cotizaciones coloca a los aut\u00f3nomos en una situaci\u00f3n muy complicada, ya que, sin ser asalariados, sus obligaciones en cotizaci\u00f3n son las mismas, \u00abpero sin tener en cuenta que el aut\u00f3nomo tiene una serie de riesgos diarios y por lo tanto,\u00a0<strong>no puede cotizar como un asalariado<\/strong>\u00bb apunta Ferm\u00edn, y a\u00f1ade que \u00abuno de cada tres aut\u00f3nomos sufre morosidad, \u00bfva el Gobierno a indemnizar a los aut\u00f3nomos o a los trabajadores cuando se cierra un negocio?\u00bb.<\/p>\n\n\n\n<p class=\"wp-block-paragraph\">Tras la presentaci\u00f3n del alza de cotizaciones,&nbsp;<a href=\"https:\/\/www.eleconomista.es\/economia\/noticias\/11608312\/02\/22\/Gobierno-y-sindicatos-pactaran-hoy-subir-el-salario-minimo-a-1000-euros-en-un-nuevo-acuerdo-sin-la-patronal.html\">el Ejecutivo llevar\u00e1 al Congreso la propuesta de aumentar el SMI hasta los 1.000 euros<\/a>. Esta nuevo propuesta hace peligrar todav\u00eda m\u00e1s la supervivencia y la posibilidad de la creaci\u00f3n de negocios en nuestro pa\u00eds.<\/p>\n\n\n\n<p class=\"wp-block-paragraph\">Esta medida ya ha sido rechazado por la Confederaci\u00f3n Espa\u00f1ola de Organizaciones Empresariales (CEOE), por Cepyme, por la Asociaci\u00f3n de Trabajadores Aut\u00f3nomos (ATA) y por Ceaje. Desde esta \u00faltima recuerdan al Gobierno que la medida lo \u00fanico que ocasionar\u00eda es una nueva&nbsp;<strong>presi\u00f3n en los costes<\/strong>&nbsp;de las empresas y una&nbsp;<strong>ca\u00edda notable de la productividad<\/strong>.<\/p>\n\n\n\n<p class=\"wp-block-paragraph\">Los j\u00f3venes empresarios inciden en que la recuperaci\u00f3n econ\u00f3mica de Espa\u00f1a pasa por el levantamiento de todas las empresas que se vieron deterioradas durante los tiempos m\u00e1s complicados de la pandemia. \u00abEmpresas a las que no se puede dejar atr\u00e1s y que sobreviven todav\u00eda con el agua pegada al cuello. Es por ello que una nueva subida del SMI se traducir\u00eda en un&nbsp;<strong>aumento de los costes laborales<\/strong>, que unido a otras trabas como la subida de la luz, el coste de la productividad, la inflaci\u00f3n, etc. podr\u00edan afectar a la futura creaci\u00f3n de empleo y al fomento del emprendimiento\u00bb, apuntan.<\/p>\n\n\n\n<p class=\"wp-block-paragraph\">El paro juvenil sigue siendo uno de los principales retos a los que se enfrenta Espa\u00f1a, y los emprendedores son los que est\u00e1n consiguiendo disminuir las preocupantes cifras en las que se sume el pa\u00eds hoy. En lugar de estar facilitando el camino de aquellos que tratan de contribuir con el enriquecimiento del tejido productivo espa\u00f1ol,&nbsp;<strong>se les presenta un nuevo inconveniente econ\u00f3mico<\/strong>&nbsp;con el que no pueden lidiar.<\/p>\n\n\n\n<p class=\"wp-block-paragraph\">El gran problema del Gobierno es&nbsp;<strong>no querer escuchar las necesidades de los empresarios<\/strong>, especialmente de los peque\u00f1os y medianos negocios, y aut\u00f3nomos, a los que un cambio as\u00ed afectar\u00eda brutalmente, ya que desde 2019 han asumido una subida del 30% en el salario m\u00ednimo.<\/p>\n","protected":false},"excerpt":{"rendered":"<p>La incertidumbre se cierne sobre emprendedores y aut\u00f3nomos. El contexto actual con las \u00faltimas decisiones del Gobierno tras la Reforma Laboral (subida de las cotizaciones a aut\u00f3nomos&nbsp;y subida del Salario M\u00ednimo Interprofesional), supone grandes dificultades para los peque\u00f1os empresarios, que ven en estas medidas un paso atr\u00e1s para sus negocios. Estas circunstancias se suman a <\/p>\n","protected":false},"author":3,"featured_media":7967,"comment_status":"closed","ping_status":"closed","sticky":false,"template":"","format":"standard","meta":{"footnotes":""},"categories":[63],"tags":[],"class_list":["post-7966","post","type-post","status-publish","format-standard","has-post-thumbnail","hentry","category-economia"],"wps_subtitle":"","_links":{"self":[{"href":"https:\/\/www.elbuscadordeldetective.info\/index.php?rest_route=\/wp\/v2\/posts\/7966","targetHints":{"allow":["GET"]}}],"collection":[{"href":"https:\/\/www.elbuscadordeldetective.info\/index.php?rest_route=\/wp\/v2\/posts"}],"about":[{"href":"https:\/\/www.elbuscadordeldetective.info\/index.php?rest_route=\/wp\/v2\/types\/post"}],"author":[{"embeddable":true,"href":"https:\/\/www.elbuscadordeldetective.info\/index.php?rest_route=\/wp\/v2\/users\/3"}],"replies":[{"embeddable":true,"href":"https:\/\/www.elbuscadordeldetective.info\/index.php?rest_route=%2Fwp%2Fv2%2Fcomments&post=7966"}],"version-history":[{"count":1,"href":"https:\/\/www.elbuscadordeldetective.info\/index.php?rest_route=\/wp\/v2\/posts\/7966\/revisions"}],"predecessor-version":[{"id":7968,"href":"https:\/\/www.elbuscadordeldetective.info\/index.php?rest_route=\/wp\/v2\/posts\/7966\/revisions\/7968"}],"wp:featuredmedia":[{"embeddable":true,"href":"https:\/\/www.elbuscadordeldetective.info\/index.php?rest_route=\/wp\/v2\/media\/7967"}],"wp:attachment":[{"href":"https:\/\/www.elbuscadordeldetective.info\/index.php?rest_route=%2Fwp%2Fv2%2Fmedia&parent=7966"}],"wp:term":[{"taxonomy":"category","embeddable":true,"href":"https:\/\/www.elbuscadordeldetective.info\/index.php?rest_route=%2Fwp%2Fv2%2Fcategories&post=7966"},{"taxonomy":"post_tag","embeddable":true,"href":"https:\/\/www.elbuscadordeldetective.info\/index.php?rest_route=%2Fwp%2Fv2%2Ftags&post=7966"}],"curies":[{"name":"wp","href":"https:\/\/api.w.org\/{rel}","templated":true}]}}