{"id":8052,"date":"2022-04-22T16:05:58","date_gmt":"2022-04-22T14:05:58","guid":{"rendered":"https:\/\/www.elbuscadordeldetective.info\/?p=8052"},"modified":"2022-04-23T16:08:53","modified_gmt":"2022-04-23T14:08:53","slug":"detenida-una-fugitiva-en-palma-de-mallorca-buscada-en-alemania-por-matar-a-su-padre","status":"publish","type":"post","link":"https:\/\/www.elbuscadordeldetective.info\/?p=8052","title":{"rendered":"Detenida una fugitiva en Palma de Mallorca buscada en Alemania por matar a su padre"},"content":{"rendered":"\n<p class=\"wp-block-paragraph\">Agentes de la Polic\u00eda Nacional han arrestado en Palma de Mallorca a una fugitiva buscada en Alemania por matar a su padre. Aprovech\u00f3 el tiempo que estuvo cuidando de su padre en Alemania para suministrarle analg\u00e9sicos y opi\u00e1ceos que acabaron discretamente con su vida, siendo la autopsia la que revel\u00f3 la verdadera causa de la muerte. Figuraba empadronada en un domicilio falso y resid\u00eda de alquiler, manteniendo una vida casi nocturna y sin ning\u00fan tipo de fuente legal de ingresos, lo que dificult\u00f3 su localizaci\u00f3n. La investigaci\u00f3n ha contado con el apoyo del oficial de enlace de la Oficina Federal de Investigaci\u00f3n Criminal alemana (BKA).<\/p>\n\n\n\n<p class=\"wp-block-paragraph\">Las pesquisas se iniciaron cuando los agentes tuvieron conocimiento de la posible presencia de una fugitiva alemana, sobre la que pesaba una condena de cadena perpetua, en nuestro pa\u00eds. Esta mujer era buscada por las autoridades de Alemania, por su participaci\u00f3n en un delito de homicidio.<\/p>\n\n\n\n<h3 class=\"wp-block-heading\">Hab\u00eda hecho transferencias bancarias a su nombre poco antes de fallecer la v\u00edctima<\/h3>\n\n\n\n<p class=\"wp-block-paragraph\">La fugitiva, con residencia en Mallorca desde noviembre de 2021, aprovech\u00f3 el tiempo que estuvo cuidando de su padre en Alemania para suministrarle analg\u00e9sicos y opi\u00e1ceos que acabaron poco a poco y de manera discreta con su vida. Debido a la edad y el estado de salud de la v\u00edctima, ninguno de los otros tres hermanos sospecharon de la posible intencionalidad de la muerte, si bien la autopsia practicada al cad\u00e1ver revel\u00f3 la aut\u00e9ntica causa de la misma. Adem\u00e1s, poco d\u00edas antes del fallecimiento, la arrestada hab\u00eda realizado varias transferencias bancarias en las que tanto ella como su hija aparec\u00edan como beneficiarias, hecho que la se\u00f1al\u00f3 como principal sospechosa.<\/p>\n\n\n\n<p class=\"wp-block-paragraph\">Debido a que el domicilio de Palma de Mallorca en el que figuraba empadronada era falso, y que se encontraba en paradero desconocido, la BKA alemana contact\u00f3 con la Polic\u00eda Nacional -a trav\u00e9s de su Oficial de Enlace en Espa\u00f1a- para solicitar colaboraci\u00f3n y dar con su paradero. Tras varias gestiones policiales, los agentes la localizaron en un domicilio de Palma de Mallorca, donde resid\u00eda de alquiler y manten\u00eda una vida casi nocturna, sin ning\u00fan tipo de fuente legal de ingresos conocida.&nbsp;<\/p>\n\n\n\n<p class=\"wp-block-paragraph\">Por otra parte, la importancia del caso para las autoridades alemanas motiv\u00f3 la tramitaci\u00f3n de una Orden Europea de Investigaci\u00f3n con la finalidad de registrar el domicilio de la fugada, donde viv\u00eda con su hija. Adem\u00e1s, el Fiscal instructor del caso y tres investigadores de la Polic\u00eda Criminal de Rosenheim se desplazaron a la isla para estar presentes en el arresto y el registro.<\/p>\n\n\n\n<p class=\"wp-block-paragraph\">Finalmente, la fugitiva fue detenida a principios del mes de abril y actualmente se encuentra en prisi\u00f3n provisional a la espera de ser entregada a Alemania. Asimismo, no se descarta la detenci\u00f3n de alguno de sus otros hermanos por su presunta implicaci\u00f3n en los hechos.<\/p>\n\n\n\n<h3 class=\"wp-block-heading\">Fugado de prisi\u00f3n cuando cumpl\u00eda condena por asesinato<\/h3>\n\n\n\n<p class=\"wp-block-paragraph\">En una operaci\u00f3n distinta, agentes de la Polic\u00eda Nacional han detenido en Madrid a otro fugitivo al que le constaba una reclamaci\u00f3n judicial de b\u00fasqueda, detenci\u00f3n e ingreso en prisi\u00f3n por un delito de asesinato por el que fue condenado a 16 a\u00f1os de c\u00e1rcel y cuya condena no cumpli\u00f3 porque consigui\u00f3 fugarse de la prisi\u00f3n.<\/p>\n\n\n\n<p class=\"wp-block-paragraph\">La v\u00edctima era un hombre de 82 a\u00f1os que perdi\u00f3 la vida al recibir varias pu\u00f1aladas y que ten\u00eda cierta relaci\u00f3n con el detenido derivada del tr\u00e1fico de drogas. Seg\u00fan las investigaciones, el 14 de marzo de 2005, el fugitivo y su novia se personaron en su domicilio, donde habitualmente se desplazaban para adquirir droga. Una vez en el interior de la vivienda se produjo una fuerte discusi\u00f3n entre los tres, la cual fue aumentando de tono hasta que, finalmente, termin\u00f3 con el acuchillamiento a sangre fr\u00eda por parte del detenido y la muerte en el acto de la persona agredida.&nbsp;<\/p>\n\n\n\n<p class=\"wp-block-paragraph\">Durante las posteriores investigaciones, se pudo comprobar que, en alguna ocasi\u00f3n, la persona buscada hab\u00eda sido identificada por funcionarios policiales, exhibiendo la filiaci\u00f3n de un familiar con caracter\u00edsticas f\u00edsicas muy similares. Se descubri\u00f3 seguidamente que usaba la identidad falsa para todas sus actividades cotidianas e, incluso, ante organismos oficiales.<\/p>\n\n\n\n<p class=\"wp-block-paragraph\">Al tener conocimiento de la identidad usurpada que usaba, se logr\u00f3 centrar su domicilio en el sur de Madrid. Se estableci\u00f3 entonces un dispositivo que permiti\u00f3 su detenci\u00f3n cuando se dirig\u00eda al m\u00e9dico, seg\u00fan manifest\u00f3 \u00e9l mismo, por encontrarse con una importante infecci\u00f3n en una de sus muelas. Confirm\u00f3, adem\u00e1s, que durante todo este tiempo hab\u00eda estado encerrado en su domicilio, saliendo de \u00e9l en contadas ocasiones.<\/p>\n\n\n\n<h3 class=\"wp-block-heading\">Detenido en Bilbao un fugitivo reclamado por Estados Unidos<\/h3>\n\n\n\n<p class=\"wp-block-paragraph\">En una tercera operaci\u00f3n policial independiente a las anteriores, agentes de la Polic\u00eda Nacional han detenido en Bilbao a un fugitivo reclamado por Estados Unidos por un delito de tr\u00e1fico de drogas, pesando sobre \u00e9l una condena de cadena perpetua. Pertenec\u00eda al Ej\u00e9rcito de Liberaci\u00f3n Nacional de Colombia, organizaci\u00f3n criminal en la que ten\u00eda una participaci\u00f3n activa.<\/p>\n\n\n\n<p class=\"wp-block-paragraph\">Desde febrero de 2020 hasta marzo de 2021, particip\u00f3 en la fabricaci\u00f3n y en el transporte de coca\u00edna desde Colombia a Estados Unidos. En uno de los env\u00edos lleg\u00f3 a transportar 57 kilogramos de esta sustancia estupefaciente, no siendo el \u00fanico env\u00edo. De igual modo, ten\u00eda encomendada las tareas de coordinaci\u00f3n de otros env\u00edos, utilizando para ello sofisticados medios como aeronaves y embarcaciones, todas ellas con dobles fondos para ocultar la droga.<\/p>\n\n\n\n<p class=\"wp-block-paragraph\">El cartel al que pertenece el detenido, el ELN, es uno de los m\u00e1s activos a nivel internacional. Operan en diversos continentes y suministran grandes partidas de coca\u00edna, sin olvidar el grado de peligrosidad y sus redes de contacto con \u201cOficinas de cobro\u201d.<\/p>\n","protected":false},"excerpt":{"rendered":"<p>Agentes de la Polic\u00eda Nacional han arrestado en Palma de Mallorca a una fugitiva buscada en Alemania por matar a su padre. Aprovech\u00f3 el tiempo que estuvo cuidando de su padre en Alemania para suministrarle analg\u00e9sicos y opi\u00e1ceos que acabaron discretamente con su vida, siendo la autopsia la que revel\u00f3 la verdadera causa de la <\/p>\n","protected":false},"author":3,"featured_media":7426,"comment_status":"closed","ping_status":"closed","sticky":false,"template":"","format":"standard","meta":{"footnotes":""},"categories":[51,56],"tags":[],"class_list":["post-8052","post","type-post","status-publish","format-standard","has-post-thumbnail","hentry","category-sociedad","category-sucesos"],"wps_subtitle":"","_links":{"self":[{"href":"https:\/\/www.elbuscadordeldetective.info\/index.php?rest_route=\/wp\/v2\/posts\/8052","targetHints":{"allow":["GET"]}}],"collection":[{"href":"https:\/\/www.elbuscadordeldetective.info\/index.php?rest_route=\/wp\/v2\/posts"}],"about":[{"href":"https:\/\/www.elbuscadordeldetective.info\/index.php?rest_route=\/wp\/v2\/types\/post"}],"author":[{"embeddable":true,"href":"https:\/\/www.elbuscadordeldetective.info\/index.php?rest_route=\/wp\/v2\/users\/3"}],"replies":[{"embeddable":true,"href":"https:\/\/www.elbuscadordeldetective.info\/index.php?rest_route=%2Fwp%2Fv2%2Fcomments&post=8052"}],"version-history":[{"count":1,"href":"https:\/\/www.elbuscadordeldetective.info\/index.php?rest_route=\/wp\/v2\/posts\/8052\/revisions"}],"predecessor-version":[{"id":8053,"href":"https:\/\/www.elbuscadordeldetective.info\/index.php?rest_route=\/wp\/v2\/posts\/8052\/revisions\/8053"}],"wp:featuredmedia":[{"embeddable":true,"href":"https:\/\/www.elbuscadordeldetective.info\/index.php?rest_route=\/wp\/v2\/media\/7426"}],"wp:attachment":[{"href":"https:\/\/www.elbuscadordeldetective.info\/index.php?rest_route=%2Fwp%2Fv2%2Fmedia&parent=8052"}],"wp:term":[{"taxonomy":"category","embeddable":true,"href":"https:\/\/www.elbuscadordeldetective.info\/index.php?rest_route=%2Fwp%2Fv2%2Fcategories&post=8052"},{"taxonomy":"post_tag","embeddable":true,"href":"https:\/\/www.elbuscadordeldetective.info\/index.php?rest_route=%2Fwp%2Fv2%2Ftags&post=8052"}],"curies":[{"name":"wp","href":"https:\/\/api.w.org\/{rel}","templated":true}]}}