{"id":8294,"date":"2022-05-25T23:41:57","date_gmt":"2022-05-25T21:41:57","guid":{"rendered":"https:\/\/www.elbuscadordeldetective.info\/?p=8294"},"modified":"2022-05-25T23:41:58","modified_gmt":"2022-05-25T21:41:58","slug":"considerar-vigilantes-como-agentes-de-autoridad-da-mayor-seguridad-juridica","status":"publish","type":"post","link":"https:\/\/www.elbuscadordeldetective.info\/?p=8294","title":{"rendered":"Considerar vigilantes como agentes de autoridad da mayor seguridad jur\u00eddica"},"content":{"rendered":"\n<p class=\"wp-block-paragraph\">El&nbsp;<strong>delegado del Gobierno en Galicia, Jos\u00e9 Mi\u00f1ones,&nbsp;<\/strong>ha avanzado que el&nbsp;<strong>nuevo Reglamento de Seguridad Privada<\/strong>&nbsp;elevar\u00e1 a los<strong>&nbsp;vigilantes privados&nbsp;<\/strong>a la categor\u00eda de&nbsp;<strong>agentes de la autoridad<\/strong>, lo que dotar\u00e1 a este colectivo de<strong>&nbsp;mayor seguridad jur\u00eddica y protecci\u00f3n<\/strong>&nbsp;frente a agresiones o incidentes: \u00abun avance muy importante y merecido\u00bb.&nbsp;<\/p>\n\n\n\n<p class=\"wp-block-paragraph\">As\u00ed lo ha detallado hoy Jos\u00e9 Mi\u00f1ones en A Coru\u00f1a, durante el acto de celebraci\u00f3n del&nbsp;<strong>D\u00eda Nacional de la Seguridad Privada&nbsp;<\/strong>en la comunidad. En el evento se han concedido las&nbsp;<strong>menciones honor\u00edficas<\/strong>&nbsp;impuestas por&nbsp;<strong>Polic\u00eda Nacional y por Guardia Civil&nbsp;<\/strong>a personal de distintas empresas de seguridad privada que desarrollan su actividad en Galicia.<\/p>\n\n\n\n<p class=\"wp-block-paragraph\">La conmemoraci\u00f3n ha recuperado este a\u00f1o su formato habitual, y en la misma han participado la<strong>&nbsp;subdelegada del Gobierno en A Coru\u00f1a, Mar\u00eda Rivas;<\/strong>&nbsp;el jefe superior de Polic\u00eda de Galicia,&nbsp;<strong>Ram\u00f3n G\u00f3mez<\/strong>, y el general jefe de la 15 Zona de la Guardia Civil,&nbsp;<strong>Luis Francisco Rodr\u00edguez<\/strong>, adem\u00e1s de otras autoridades.<\/p>\n\n\n\n<h2 class=\"wp-block-heading\">Reglamento moderno<\/h2>\n\n\n\n<p class=\"wp-block-paragraph\">En su intervenci\u00f3n, Jos\u00e9 Mi\u00f1ones ha reiterado el peso de la seguridad privada en el mantenimiento de la seguridad p\u00fablica, \u00abque es un<strong>&nbsp;ejemplo de colaboraci\u00f3n p\u00fablico privada en beneficio de la sociedad\u00bb,<\/strong>&nbsp;ha recalcado.<\/p>\n\n\n\n<p class=\"wp-block-paragraph\">\u201cNos encontramos en un momento clave, en la antesala de la&nbsp;<strong>aprobaci\u00f3n del nuevo Reglamento de Seguridad Privada\u201d<\/strong>, apunt\u00f3 el delegado, \u201cuna normativa muy esperada por vigilantes, empresas y por los propios Cuerpos de Seguridad del Estado que ha pasado por una<strong>&nbsp;larga tramitaci\u00f3n p\u00fablica\u201d.&nbsp;<\/strong>Y ha detallado que el nuevo reglamento impondr\u00e1 medidas que luchar\u00e1n contra el&nbsp;<strong>intrusismo y la competencia desleal&nbsp;<\/strong>en este sector, adem\u00e1s de posibilitar la colaboraci\u00f3n de estas empresas en la lucha contra&nbsp;<strong>nuevas formas de delincuencia como la tecnol\u00f3gica.<\/strong><\/p>\n\n\n\n<p class=\"wp-block-paragraph\">Junto al reglamento, el delegado tambi\u00e9n ha avanzado la pr\u00f3xima aprobaci\u00f3n de un<strong>&nbsp;nuevo ciclo formativo de grado medio de T\u00e9cnico en Seguridad.&nbsp;<\/strong>Un m\u00f3dulo de formaci\u00f3n profesional de m\u00e1s de 2.000 horas lectivas que seguro recibir\u00e1 una muy buena acogida por los futuros profesionales. Tambi\u00e9n ha abogado por la incorporaci\u00f3n de la mujer a estas actividades, tras recordar que la&nbsp;<strong>presencia femenina apenas llega hoy al 20% de las plantillas<\/strong>&nbsp;de seguridad privada.<\/p>\n\n\n\n<p class=\"wp-block-paragraph\">El delegado ha destacado el peso de este sector en Espa\u00f1a, que factur\u00f3 el pasado a\u00f1o&nbsp;<strong>m\u00e1s de 4.500 millones de euros y emple\u00f3 a 100.000 personas,&nbsp;<\/strong>gracias a las m\u00e1s de 1.400 empresas autorizadas para ejercer esta actividad. El D\u00eda Nacional de la Seguridad Privada fue instaurado en 2013 por el Ministerio del Interior con el objetivo de reconocer la labor de las empresas y de las personas que integran este sector en Espa\u00f1a y agradecer de manera especial, la labor de quienes han destacado por su trabajo, entrega y colaboraci\u00f3n con la seguridad p\u00fablica en el \u00faltimo a\u00f1o.<\/p>\n","protected":false},"excerpt":{"rendered":"<p>El&nbsp;delegado del Gobierno en Galicia, Jos\u00e9 Mi\u00f1ones,&nbsp;ha avanzado que el&nbsp;nuevo Reglamento de Seguridad Privada&nbsp;elevar\u00e1 a los&nbsp;vigilantes privados&nbsp;a la categor\u00eda de&nbsp;agentes de la autoridad, lo que dotar\u00e1 a este colectivo de&nbsp;mayor seguridad jur\u00eddica y protecci\u00f3n&nbsp;frente a agresiones o incidentes: \u00abun avance muy importante y merecido\u00bb.&nbsp; As\u00ed lo ha detallado hoy Jos\u00e9 Mi\u00f1ones en A Coru\u00f1a, durante <\/p>\n","protected":false},"author":3,"featured_media":7765,"comment_status":"closed","ping_status":"closed","sticky":false,"template":"","format":"standard","meta":{"footnotes":""},"categories":[12],"tags":[],"class_list":["post-8294","post","type-post","status-publish","format-standard","has-post-thumbnail","hentry","category-ultima-hora"],"wps_subtitle":"","_links":{"self":[{"href":"https:\/\/www.elbuscadordeldetective.info\/index.php?rest_route=\/wp\/v2\/posts\/8294","targetHints":{"allow":["GET"]}}],"collection":[{"href":"https:\/\/www.elbuscadordeldetective.info\/index.php?rest_route=\/wp\/v2\/posts"}],"about":[{"href":"https:\/\/www.elbuscadordeldetective.info\/index.php?rest_route=\/wp\/v2\/types\/post"}],"author":[{"embeddable":true,"href":"https:\/\/www.elbuscadordeldetective.info\/index.php?rest_route=\/wp\/v2\/users\/3"}],"replies":[{"embeddable":true,"href":"https:\/\/www.elbuscadordeldetective.info\/index.php?rest_route=%2Fwp%2Fv2%2Fcomments&post=8294"}],"version-history":[{"count":1,"href":"https:\/\/www.elbuscadordeldetective.info\/index.php?rest_route=\/wp\/v2\/posts\/8294\/revisions"}],"predecessor-version":[{"id":8295,"href":"https:\/\/www.elbuscadordeldetective.info\/index.php?rest_route=\/wp\/v2\/posts\/8294\/revisions\/8295"}],"wp:featuredmedia":[{"embeddable":true,"href":"https:\/\/www.elbuscadordeldetective.info\/index.php?rest_route=\/wp\/v2\/media\/7765"}],"wp:attachment":[{"href":"https:\/\/www.elbuscadordeldetective.info\/index.php?rest_route=%2Fwp%2Fv2%2Fmedia&parent=8294"}],"wp:term":[{"taxonomy":"category","embeddable":true,"href":"https:\/\/www.elbuscadordeldetective.info\/index.php?rest_route=%2Fwp%2Fv2%2Fcategories&post=8294"},{"taxonomy":"post_tag","embeddable":true,"href":"https:\/\/www.elbuscadordeldetective.info\/index.php?rest_route=%2Fwp%2Fv2%2Ftags&post=8294"}],"curies":[{"name":"wp","href":"https:\/\/api.w.org\/{rel}","templated":true}]}}