{"id":8340,"date":"2022-05-26T19:51:25","date_gmt":"2022-05-26T17:51:25","guid":{"rendered":"https:\/\/www.elbuscadordeldetective.info\/?p=8340"},"modified":"2022-06-03T20:14:58","modified_gmt":"2022-06-03T18:14:58","slug":"el-detective-luis-fernandez-laria-galardonado-el-dia-de-la-seguridad-privada-en-la-rioja","status":"publish","type":"post","link":"https:\/\/www.elbuscadordeldetective.info\/?p=8340","title":{"rendered":"El detective Luis Fernandez Laria galardonado el Dia de la Seguridad Privada en la Rioja."},"content":{"rendered":"\n<p class=\"wp-block-paragraph\">La delegada del Gobierno en La Rioja, Mar\u00eda Marrod\u00e1n, ha presidido esta ma\u00f1ana el acto conmemorativo del D\u00eda de la Seguridad Privada organizado por la Delegaci\u00f3n del Gobierno en La Rioja, en colaboraci\u00f3n con la Jefatura Superior de la Polic\u00eda Nacional y la X Zona de la Guardia Civil reconoce de manera p\u00fablica la \u00abextraordinaria\u00bb labor llevada a cabo por todos los integrantes del sector.<\/p>\n\n\n\n<figure class=\"wp-block-image size-large\"><img loading=\"lazy\" decoding=\"async\" width=\"1024\" height=\"523\" src=\"https:\/\/www.elbuscadordeldetective.info\/wp-content\/uploads\/2022\/06\/seguridad-privada-17-1024x523.jpg\" alt=\"\" class=\"wp-image-8347\" srcset=\"https:\/\/www.elbuscadordeldetective.info\/wp-content\/uploads\/2022\/06\/seguridad-privada-17-1024x523.jpg 1024w, https:\/\/www.elbuscadordeldetective.info\/wp-content\/uploads\/2022\/06\/seguridad-privada-17-300x153.jpg 300w, https:\/\/www.elbuscadordeldetective.info\/wp-content\/uploads\/2022\/06\/seguridad-privada-17-768x392.jpg 768w, https:\/\/www.elbuscadordeldetective.info\/wp-content\/uploads\/2022\/06\/seguridad-privada-17-696x356.jpg 696w, https:\/\/www.elbuscadordeldetective.info\/wp-content\/uploads\/2022\/06\/seguridad-privada-17-1068x546.jpg 1068w, https:\/\/www.elbuscadordeldetective.info\/wp-content\/uploads\/2022\/06\/seguridad-privada-17-822x420.jpg 822w, https:\/\/www.elbuscadordeldetective.info\/wp-content\/uploads\/2022\/06\/seguridad-privada-17.jpg 1374w\" sizes=\"auto, (max-width: 1024px) 100vw, 1024px\" \/><\/figure>\n\n\n\n<p class=\"wp-block-paragraph\">El detective privado ha sido galardonado con la Menci\u00f3n Honorifica a propuesta de la Guardia Civil y tambi\u00e9n se le concedido a distinci\u00f3n honor\u00edfica con insignia de oro al detective privado Luis Fern\u00e1ndez Laria Rodr\u00edguez, en reconocimiento a su trayectoria profesional y a su encomiable labor en pro de la seguridad privada en La Rioja, a propuesta de la Comisi\u00f3n Organizadora.<\/p>\n\n\n\n<figure class=\"wp-block-image size-large\"><img loading=\"lazy\" decoding=\"async\" width=\"544\" height=\"516\" src=\"https:\/\/www.elbuscadordeldetective.info\/wp-content\/uploads\/2022\/06\/Sin-titulo.jpg\" alt=\"\" class=\"wp-image-8343\" srcset=\"https:\/\/www.elbuscadordeldetective.info\/wp-content\/uploads\/2022\/06\/Sin-titulo.jpg 544w, https:\/\/www.elbuscadordeldetective.info\/wp-content\/uploads\/2022\/06\/Sin-titulo-300x285.jpg 300w, https:\/\/www.elbuscadordeldetective.info\/wp-content\/uploads\/2022\/06\/Sin-titulo-443x420.jpg 443w\" sizes=\"auto, (max-width: 544px) 100vw, 544px\" \/><\/figure>\n\n\n\n<p class=\"wp-block-paragraph\">Adem\u00e1s de esta menci\u00f3n se han concedi\u00f3 33 menciones honor\u00edficas m\u00e1s de tipo &#8216;B&#8217; a profesionales del sector de la vigilancia privada que han destacado por su labor y su trayectoria profesional, reconociendo de este modo la labor a un colectivo de m\u00e1s de 750 personas que desempe\u00f1an su labor por toda la comunidad aut\u00f3noma de La Rioja, marcado por una pandemia que sin duda ha cambiado la vida de todos.<\/p>\n\n\n\n<p class=\"wp-block-paragraph\">El acto ha finalizado con unas palabras transmitidas por la delegada del Gobierno de Espa\u00f1a en La Rioja, se\u00f1alando en su intervenci\u00f3n, que estos reconocimientos \u00abson testimonio de la entrega diaria de las mujeres y hombres que llevan a cabo su servicio en pro de la defensa de los intereses y bienes que protegen\u00bb.<\/p>\n\n\n\n<figure class=\"wp-block-image size-large\"><img loading=\"lazy\" decoding=\"async\" width=\"1024\" height=\"683\" src=\"https:\/\/www.elbuscadordeldetective.info\/wp-content\/uploads\/2022\/06\/seguridad-privada-5-1024x683.jpg\" alt=\"\" class=\"wp-image-8344\" srcset=\"https:\/\/www.elbuscadordeldetective.info\/wp-content\/uploads\/2022\/06\/seguridad-privada-5-1024x683.jpg 1024w, https:\/\/www.elbuscadordeldetective.info\/wp-content\/uploads\/2022\/06\/seguridad-privada-5-300x200.jpg 300w, https:\/\/www.elbuscadordeldetective.info\/wp-content\/uploads\/2022\/06\/seguridad-privada-5-768x512.jpg 768w, https:\/\/www.elbuscadordeldetective.info\/wp-content\/uploads\/2022\/06\/seguridad-privada-5-696x464.jpg 696w, https:\/\/www.elbuscadordeldetective.info\/wp-content\/uploads\/2022\/06\/seguridad-privada-5-1068x712.jpg 1068w, https:\/\/www.elbuscadordeldetective.info\/wp-content\/uploads\/2022\/06\/seguridad-privada-5-630x420.jpg 630w, https:\/\/www.elbuscadordeldetective.info\/wp-content\/uploads\/2022\/06\/seguridad-privada-5.jpg 1374w\" sizes=\"auto, (max-width: 1024px) 100vw, 1024px\" \/><\/figure>\n\n\n\n<p class=\"wp-block-paragraph\">Asimismo, ha destacado la alianza p\u00fablico-privada complementa el conjunto de medidas enfocadas en la defensa de la seguridad colectiva finalizando con palabras \u00aben materia de seguridad colaborar siempre suma, no hacerlo resta, os animo a que continu\u00e9is trabando todos juntos remando hacia una misma direcci\u00f3n y con un objetivo com\u00fan: la seguridad y por tanto el bienestar del conjunto de los riojanos y riojanas\u00bb.<\/p>\n","protected":false},"excerpt":{"rendered":"<p>La delegada del Gobierno en La Rioja, Mar\u00eda Marrod\u00e1n, ha presidido esta ma\u00f1ana el acto conmemorativo del D\u00eda de la Seguridad Privada organizado por la Delegaci\u00f3n del Gobierno en La Rioja, en colaboraci\u00f3n con la Jefatura Superior de la Polic\u00eda Nacional y la X Zona de la Guardia Civil reconoce de manera p\u00fablica la \u00abextraordinaria\u00bb <\/p>\n","protected":false},"author":3,"featured_media":8345,"comment_status":"closed","ping_status":"closed","sticky":false,"template":"","format":"standard","meta":{"footnotes":""},"categories":[14],"tags":[],"class_list":["post-8340","post","type-post","status-publish","format-standard","has-post-thumbnail","hentry"],"wps_subtitle":"","_links":{"self":[{"href":"https:\/\/www.elbuscadordeldetective.info\/index.php?rest_route=\/wp\/v2\/posts\/8340","targetHints":{"allow":["GET"]}}],"collection":[{"href":"https:\/\/www.elbuscadordeldetective.info\/index.php?rest_route=\/wp\/v2\/posts"}],"about":[{"href":"https:\/\/www.elbuscadordeldetective.info\/index.php?rest_route=\/wp\/v2\/types\/post"}],"author":[{"embeddable":true,"href":"https:\/\/www.elbuscadordeldetective.info\/index.php?rest_route=\/wp\/v2\/users\/3"}],"replies":[{"embeddable":true,"href":"https:\/\/www.elbuscadordeldetective.info\/index.php?rest_route=%2Fwp%2Fv2%2Fcomments&post=8340"}],"version-history":[{"count":2,"href":"https:\/\/www.elbuscadordeldetective.info\/index.php?rest_route=\/wp\/v2\/posts\/8340\/revisions"}],"predecessor-version":[{"id":8348,"href":"https:\/\/www.elbuscadordeldetective.info\/index.php?rest_route=\/wp\/v2\/posts\/8340\/revisions\/8348"}],"wp:featuredmedia":[{"embeddable":true,"href":"https:\/\/www.elbuscadordeldetective.info\/index.php?rest_route=\/wp\/v2\/media\/8345"}],"wp:attachment":[{"href":"https:\/\/www.elbuscadordeldetective.info\/index.php?rest_route=%2Fwp%2Fv2%2Fmedia&parent=8340"}],"wp:term":[{"taxonomy":"category","embeddable":true,"href":"https:\/\/www.elbuscadordeldetective.info\/index.php?rest_route=%2Fwp%2Fv2%2Fcategories&post=8340"},{"taxonomy":"post_tag","embeddable":true,"href":"https:\/\/www.elbuscadordeldetective.info\/index.php?rest_route=%2Fwp%2Fv2%2Ftags&post=8340"}],"curies":[{"name":"wp","href":"https:\/\/api.w.org\/{rel}","templated":true}]}}