{"id":870,"date":"2017-05-23T23:20:19","date_gmt":"2017-05-23T21:20:19","guid":{"rendered":"http:\/\/www.eldetectivepress.org\/?p=870"},"modified":"2017-05-26T23:22:36","modified_gmt":"2017-05-26T21:22:36","slug":"acto-del-dia-nacional-de-la-seguridad-privada-en-la-subdelegacion-del-gobierno-en-albacete","status":"publish","type":"post","link":"https:\/\/www.elbuscadordeldetective.info\/?p=870","title":{"rendered":"Acto del D\u00eda Nacional de la Seguridad Privada en la subdelegaci\u00f3n del Gobierno en Albacete"},"content":{"rendered":"<div class=\"article-intro entry-content\">\n<p>El subdelegado del Gobierno en Albacete ha resaltado \u201cla acci\u00f3n profesional de la seguridad privada, presente en todos los \u00e1mbitos, p\u00fablicos y privados, de la vida cotidiana\u201d<\/p>\n<p>Iniesta ha destacado el esfuerzo realizado en el trabajo diario y les ha animado a aprovechar las posibilidades de relaci\u00f3n que les permite tanto el Plan \u201cRed Azul\u201d, impulsado por la <a href=\"http:\/\/www.lacerca.com\/etiquetas\/1\/polic%C3%ADa%20nacional\" rel=\"tag\">Polic\u00eda Nacional<\/a>, as\u00ed como el Programa \u201cCoopera\u201d, liderado por la Guardia Civil.<\/p>\n<\/div>\n<div class=\"article-body entry-content\">\n<p>El subdelegado del Gobierno en Albacete, Aquilino Iniesta, ha presidido hoy el Acto del D\u00eda Nacional de la Seguridad privada que ha tenido lugar en la Subdelegaci\u00f3n del Gobierno, con la colaboraci\u00f3n de la Asociaci\u00f3n de empresas de seguridad de Albacete, AESAB, integrada en FEDA, y con la asistencia de representantes de empresas y personal de seguridad as\u00ed como de guardas rurales y vigilantes.<\/p>\n<p>El motivo de este Acto, ha destacado el subdelegado, es \u201cresaltar que la acci\u00f3n profesional de la seguridad privada se encuentra presente en todos los \u00e1mbitos, p\u00fablicos y privados, de la vida cotidiana espa\u00f1ola, convirti\u00e9ndose en indispensable para la prevenci\u00f3n del delito y la protecci\u00f3n de personas y bienes\u201d.<\/p>\n<p>Iniesta ha declarado que \u201cesta labor en beneficio de la seguridad com\u00fan ha logrado la generalizada aceptaci\u00f3n de la sociedad espa\u00f1ola, que mayoritariamente valora y reconoce positivamente su trabajo y considera a sus profesionales como personas en las que poder confiar y a las que se les pueda pedir ayuda en caso de necesidad\u201d.<\/p>\n<p>Iniesta ha resaltado el esfuerzo realizado en el trabajo diario y les ha animado a aprovechar las posibilidades de relaci\u00f3n que les permite tanto el Plan \u201cRed Azul\u201d, impulsado por la Polic\u00eda Nacional, as\u00ed como el Programa \u201cCoopera\u201d, liderado por la Guardia Civil.<\/p>\n<p>Por \u00faltimo, para clausurar el acto, el subdelegado ha querido felicitar a todos los profesionales del sector de la seguridad privada que hoy han recibido menciones y reconocimientos por su labor en pro de la seguridad, por su colaboraci\u00f3n con las FyCSE y por su eficaz trabajo.<\/p>\n<p>&nbsp;<\/p>\n<\/div>\n","protected":false},"excerpt":{"rendered":"<p>El subdelegado del Gobierno en Albacete ha resaltado \u201cla acci\u00f3n profesional de la seguridad privada, presente en todos los \u00e1mbitos, p\u00fablicos y privados, de la vida cotidiana\u201d Iniesta ha destacado el esfuerzo realizado en el trabajo diario y les ha animado a aprovechar las posibilidades de relaci\u00f3n que les permite tanto el Plan \u201cRed Azul\u201d, <\/p>\n","protected":false},"author":1,"featured_media":872,"comment_status":"closed","ping_status":"closed","sticky":false,"template":"","format":"standard","meta":{"footnotes":""},"categories":[14,26],"tags":[],"class_list":["post-870","post","type-post","status-publish","format-standard","has-post-thumbnail","hentry","category-seguridad-privada"],"wps_subtitle":"","_links":{"self":[{"href":"https:\/\/www.elbuscadordeldetective.info\/index.php?rest_route=\/wp\/v2\/posts\/870","targetHints":{"allow":["GET"]}}],"collection":[{"href":"https:\/\/www.elbuscadordeldetective.info\/index.php?rest_route=\/wp\/v2\/posts"}],"about":[{"href":"https:\/\/www.elbuscadordeldetective.info\/index.php?rest_route=\/wp\/v2\/types\/post"}],"author":[{"embeddable":true,"href":"https:\/\/www.elbuscadordeldetective.info\/index.php?rest_route=\/wp\/v2\/users\/1"}],"replies":[{"embeddable":true,"href":"https:\/\/www.elbuscadordeldetective.info\/index.php?rest_route=%2Fwp%2Fv2%2Fcomments&post=870"}],"version-history":[{"count":1,"href":"https:\/\/www.elbuscadordeldetective.info\/index.php?rest_route=\/wp\/v2\/posts\/870\/revisions"}],"predecessor-version":[{"id":871,"href":"https:\/\/www.elbuscadordeldetective.info\/index.php?rest_route=\/wp\/v2\/posts\/870\/revisions\/871"}],"wp:featuredmedia":[{"embeddable":true,"href":"https:\/\/www.elbuscadordeldetective.info\/index.php?rest_route=\/wp\/v2\/media\/872"}],"wp:attachment":[{"href":"https:\/\/www.elbuscadordeldetective.info\/index.php?rest_route=%2Fwp%2Fv2%2Fmedia&parent=870"}],"wp:term":[{"taxonomy":"category","embeddable":true,"href":"https:\/\/www.elbuscadordeldetective.info\/index.php?rest_route=%2Fwp%2Fv2%2Fcategories&post=870"},{"taxonomy":"post_tag","embeddable":true,"href":"https:\/\/www.elbuscadordeldetective.info\/index.php?rest_route=%2Fwp%2Fv2%2Ftags&post=870"}],"curies":[{"name":"wp","href":"https:\/\/api.w.org\/{rel}","templated":true}]}}