{"id":8985,"date":"2024-03-10T20:31:00","date_gmt":"2024-03-10T18:31:00","guid":{"rendered":"https:\/\/www.elbuscadordeldetective.info\/?p=8985"},"modified":"2024-03-12T20:38:00","modified_gmt":"2024-03-12T18:38:00","slug":"muere-un-hombre-de-85-anos-que-circulaba-en-sentido-contrario-en-la-a-5-cerca-de-merida","status":"publish","type":"post","link":"https:\/\/www.elbuscadordeldetective.info\/?p=8985","title":{"rendered":"Muere un hombre de 85 a\u00f1os que circulaba en sentido contrario en la A-5, cerca de M\u00e9rida"},"content":{"rendered":"\n<p class=\"wp-block-paragraph\">Un hombre de 85 a\u00f1os ha fallecido y otro de 61 a\u00f1os ha resultado herido grave en la ma\u00f1ana de este domingo en un accidente de tr\u00e1fico ocurrido en la autov\u00eda A-5, a la altura de San Pedro de M\u00e9rida, que ha obligado a cortar los carriles en sentido Badajoz.<\/p>\n\n\n\n<p class=\"wp-block-paragraph\">El accidente, que ha tenido lugar poco antes de las 12 horas, ha ocurrido en el kil\u00f3metro 323. En el mismo se han visto implicados tres veh\u00edculos, de los cuales uno circulaba en sentido contrario. Precisamente, el hombre que ha fallecido era el que circulaba en sentido incorrecto. La Guardia Civil est\u00e1 investigando si la v\u00edctima se meti\u00f3 mal al acceder a la autov\u00eda o se salt\u00f3 la mediana.<\/p>\n\n\n\n<p class=\"wp-block-paragraph\"><\/p>\n\n\n\n<p class=\"wp-block-paragraph\">Al menos uno de los ocupantes ha quedado atrapado en el autom\u00f3vil en el que viajaba, por lo que se han movilizado a bomberos de los parques de M\u00e9rida y de Don Benito, dependientes del CPEI de la Diputaci\u00f3n de Badajoz, para ayudar en las tareas de rescate. Los efectivos de los bomberos del parque de M\u00e9rida han exarcelado a la persona que hab\u00eda quedado atrapada, que era la v\u00edctima del suceso, y han ayudado en las tareas de limpieza de la v\u00eda. Finalmente, la intervenci\u00f3n de los equipos de Don Benito no ha sido necesaria.<\/p>\n\n\n\n<p class=\"wp-block-paragraph\">Como consecuencia del suceso, tambi\u00e9n hay otro afectado, un hombre de 41 a\u00f1os que ha sufrido un traumatismo en la pierna y ha sido trasladado al hospital de M\u00e9rida en estado grave, seg\u00fan los datos aportados por el 112 Extremadura.<\/p>\n\n\n\n<p class=\"wp-block-paragraph\" id=\"textjs_Intext\"><\/p>\n\n\n\n<p class=\"wp-block-paragraph\">Hasta all\u00ed se han desplazado sanitarios y otros equipos de emergencias, as\u00ed como patrullas de la Guardia Civil de Tr\u00e1fico para regular y asegurar la zona.<\/p>\n\n\n\n<p class=\"wp-block-paragraph\">En concreto, han acudido una Unidad Medicalizada de Emergencias (UME), una Unidad de Soporte Vital B\u00e1sico, equipos m\u00e9dicos y ambulancias del PAC de M\u00e9rida y equipos dde emergencias en carreteras para acondicionar la v\u00eda tras el accidente.<\/p>\n\n\n\n<p class=\"wp-block-paragraph\">Desde el Centro de Urgencias y Emergencias solicitaban a los conductores circular con precauci\u00f3n tras producirse el choque en la autuv\u00eda, que ha estado cortada algo m\u00e1s de una hora.<\/p>\n","protected":false},"excerpt":{"rendered":"<p>Un hombre de 85 a\u00f1os ha fallecido y otro de 61 a\u00f1os ha resultado herido grave en la ma\u00f1ana de este domingo en un accidente de tr\u00e1fico ocurrido en la autov\u00eda A-5, a la altura de San Pedro de M\u00e9rida, que ha obligado a cortar los carriles en sentido Badajoz. El accidente, que ha tenido <\/p>\n","protected":false},"author":4,"featured_media":8986,"comment_status":"closed","ping_status":"closed","sticky":false,"template":"","format":"standard","meta":{"footnotes":""},"categories":[56],"tags":[],"class_list":["post-8985","post","type-post","status-publish","format-standard","has-post-thumbnail","hentry","category-sucesos"],"wps_subtitle":"","_links":{"self":[{"href":"https:\/\/www.elbuscadordeldetective.info\/index.php?rest_route=\/wp\/v2\/posts\/8985","targetHints":{"allow":["GET"]}}],"collection":[{"href":"https:\/\/www.elbuscadordeldetective.info\/index.php?rest_route=\/wp\/v2\/posts"}],"about":[{"href":"https:\/\/www.elbuscadordeldetective.info\/index.php?rest_route=\/wp\/v2\/types\/post"}],"author":[{"embeddable":true,"href":"https:\/\/www.elbuscadordeldetective.info\/index.php?rest_route=\/wp\/v2\/users\/4"}],"replies":[{"embeddable":true,"href":"https:\/\/www.elbuscadordeldetective.info\/index.php?rest_route=%2Fwp%2Fv2%2Fcomments&post=8985"}],"version-history":[{"count":1,"href":"https:\/\/www.elbuscadordeldetective.info\/index.php?rest_route=\/wp\/v2\/posts\/8985\/revisions"}],"predecessor-version":[{"id":8987,"href":"https:\/\/www.elbuscadordeldetective.info\/index.php?rest_route=\/wp\/v2\/posts\/8985\/revisions\/8987"}],"wp:featuredmedia":[{"embeddable":true,"href":"https:\/\/www.elbuscadordeldetective.info\/index.php?rest_route=\/wp\/v2\/media\/8986"}],"wp:attachment":[{"href":"https:\/\/www.elbuscadordeldetective.info\/index.php?rest_route=%2Fwp%2Fv2%2Fmedia&parent=8985"}],"wp:term":[{"taxonomy":"category","embeddable":true,"href":"https:\/\/www.elbuscadordeldetective.info\/index.php?rest_route=%2Fwp%2Fv2%2Fcategories&post=8985"},{"taxonomy":"post_tag","embeddable":true,"href":"https:\/\/www.elbuscadordeldetective.info\/index.php?rest_route=%2Fwp%2Fv2%2Ftags&post=8985"}],"curies":[{"name":"wp","href":"https:\/\/api.w.org\/{rel}","templated":true}]}}