{"id":9083,"date":"2024-04-06T13:12:12","date_gmt":"2024-04-06T11:12:12","guid":{"rendered":"https:\/\/www.elbuscadordeldetective.info\/?p=9083"},"modified":"2024-04-06T13:12:13","modified_gmt":"2024-04-06T11:12:13","slug":"maria-dolores-lopez-salcedo-toma-posesion-como-teniente-fiscal-de-la-fiscalia-antidroga","status":"publish","type":"post","link":"https:\/\/www.elbuscadordeldetective.info\/?p=9083","title":{"rendered":"Mar\u00eda Dolores L\u00f3pez Salcedo toma posesi\u00f3n como Teniente Fiscal de la Fiscal\u00eda Antidroga"},"content":{"rendered":"\n<p class=\"wp-block-paragraph\"><strong>Mar\u00eda Dolores L\u00f3pez Salcedo<\/strong>&nbsp;ha tomado hoy posesi\u00f3n como Teniente Fiscal de la Fiscal\u00eda Especial Antidroga en un acto presidido por el Fiscal General del Estado,&nbsp;<strong>\u00c1lvaro Garc\u00eda Ortiz<\/strong>, acompa\u00f1ado por la Fiscal de Sala Jefa de la Fiscal\u00eda Especial Antidroga,&nbsp;<strong>Rosa Ana Mor\u00e1n<\/strong>, y el presidente en funciones de la Sala de lo Penal de la Audiencia Nacional,&nbsp;<strong>Alfonso Guevara<\/strong>.<\/p>\n\n\n\n<p class=\"wp-block-paragraph\">En su intervenci\u00f3n, Garc\u00eda Ortiz ha destacado la \u201cbrillante y encomiable\u201d trayectoria de L\u00f3pez Salcedo en la Fiscal\u00eda Antidroga y ha agradecido su paso adelante para asumir nuevas responsabilidades. El Fiscal General del Estado ha reivindicado la independencia y la excelencia del trabajo de los fiscales cada d\u00eda, una \u201cprofesionalidad que no puede ponerse en entredicho\u201d y que es imprescindible en la lucha contra la delincuencia.<\/p>\n\n\n\n<p class=\"wp-block-paragraph\">El Fiscal de Sala y exfiscal Jefe de la Fiscal\u00eda Especial Antidroga&nbsp;<strong>Jos\u00e9 Ram\u00f3n Nore\u00f1a<\/strong>&nbsp;y el fiscal&nbsp;<strong>Manuel P\u00e9rez Veiga<\/strong>&nbsp;han ejercido de padrinos de la nueva Teniente Fiscal, algo que \u201csimboliza la continuidad\u201d as\u00ed como \u201cel pasado, presente y futuro\u201d de la Fiscal\u00eda Antidroga, seg\u00fan ha subrayado Garc\u00eda Ortiz.&nbsp;<\/p>\n\n\n\n<p class=\"wp-block-paragraph\">Al acto, que ha tenido lugar en el Sal\u00f3n de plenos de la Audiencia Nacional, tambi\u00e9n han asistido, entre otros, la Fiscal de Sala Jefa de la Inspecci\u00f3n,&nbsp;<strong>Mar\u00eda Antonia Sanz<\/strong>; la Fiscal de Sala Jefa de la Secretar\u00eda T\u00e9cnica de la Fiscal\u00eda General del Estado,&nbsp;<strong>Ana Isabel Garc\u00eda Le\u00f3n<\/strong>; el Fiscal de Sala Jefe de la Fiscal\u00eda de la Audiencia Nacional,&nbsp;<strong>Jes\u00fas Alonso<\/strong>; el Fiscal de Sala Jefe de la Fiscal\u00eda contra la Corrupci\u00f3n y la Criminalidad Organizada,&nbsp;<strong>Alejandro Luz\u00f3n<\/strong>, y el Fiscal de Sala de Cooperaci\u00f3n Penal Internacional,&nbsp;<strong>Francisco Jim\u00e9nez-Villarejo<\/strong>.<\/p>\n\n\n\n<p class=\"wp-block-paragraph\">L\u00f3pez Salcedo ingres\u00f3 en la Carrera Fiscal en 1988 y desde 2006 es Fiscal de la Fiscal\u00eda Especial Antidroga. Anteriormente, fue Fiscal del Tribunal Superior de Justicia de la Comunidad de Madrid y Fiscal de la Audiencia Provincial de C\u00e1diz.<\/p>\n\n\n\n<figure class=\"wp-block-image size-full\"><img loading=\"lazy\" decoding=\"async\" width=\"750\" height=\"500\" src=\"https:\/\/www.elbuscadordeldetective.info\/wp-content\/uploads\/2024\/04\/M5A1798-1.jpg\" alt=\"\" class=\"wp-image-9085\" srcset=\"https:\/\/www.elbuscadordeldetective.info\/wp-content\/uploads\/2024\/04\/M5A1798-1.jpg 750w, https:\/\/www.elbuscadordeldetective.info\/wp-content\/uploads\/2024\/04\/M5A1798-1-300x200.jpg 300w, https:\/\/www.elbuscadordeldetective.info\/wp-content\/uploads\/2024\/04\/M5A1798-1-696x464.jpg 696w, https:\/\/www.elbuscadordeldetective.info\/wp-content\/uploads\/2024\/04\/M5A1798-1-630x420.jpg 630w\" sizes=\"auto, (max-width: 750px) 100vw, 750px\" \/><\/figure>\n\n\n\n<p class=\"wp-block-paragraph\">Entre otros cargos, ha sido representante judicial de la delegaci\u00f3n espa\u00f1ola en la Red CARIN (Red Interinstitucional de Recuperaci\u00f3n de Activos de Camden); punto de contacto de la Red Iberoamericana de Cooperaci\u00f3n Internacional (Iber-red) y representante judicial de la delegaci\u00f3n espa\u00f1ola de las ARO (Asset Recovery Offices) en las reuniones peri\u00f3dicas celebradas en Bruselas desde 2008 a 2015, para la creaci\u00f3n de la Oficina de Recuperaci\u00f3n de Activos.<\/p>\n","protected":false},"excerpt":{"rendered":"<p>Mar\u00eda Dolores L\u00f3pez Salcedo&nbsp;ha tomado hoy posesi\u00f3n como Teniente Fiscal de la Fiscal\u00eda Especial Antidroga en un acto presidido por el Fiscal General del Estado,&nbsp;\u00c1lvaro Garc\u00eda Ortiz, acompa\u00f1ado por la Fiscal de Sala Jefa de la Fiscal\u00eda Especial Antidroga,&nbsp;Rosa Ana Mor\u00e1n, y el presidente en funciones de la Sala de lo Penal de la Audiencia <\/p>\n","protected":false},"author":4,"featured_media":9084,"comment_status":"closed","ping_status":"closed","sticky":false,"template":"","format":"standard","meta":{"footnotes":""},"categories":[18],"tags":[],"class_list":["post-9083","post","type-post","status-publish","format-standard","has-post-thumbnail","hentry","category-el-mundo-de-la-justicia"],"wps_subtitle":"","_links":{"self":[{"href":"https:\/\/www.elbuscadordeldetective.info\/index.php?rest_route=\/wp\/v2\/posts\/9083","targetHints":{"allow":["GET"]}}],"collection":[{"href":"https:\/\/www.elbuscadordeldetective.info\/index.php?rest_route=\/wp\/v2\/posts"}],"about":[{"href":"https:\/\/www.elbuscadordeldetective.info\/index.php?rest_route=\/wp\/v2\/types\/post"}],"author":[{"embeddable":true,"href":"https:\/\/www.elbuscadordeldetective.info\/index.php?rest_route=\/wp\/v2\/users\/4"}],"replies":[{"embeddable":true,"href":"https:\/\/www.elbuscadordeldetective.info\/index.php?rest_route=%2Fwp%2Fv2%2Fcomments&post=9083"}],"version-history":[{"count":1,"href":"https:\/\/www.elbuscadordeldetective.info\/index.php?rest_route=\/wp\/v2\/posts\/9083\/revisions"}],"predecessor-version":[{"id":9086,"href":"https:\/\/www.elbuscadordeldetective.info\/index.php?rest_route=\/wp\/v2\/posts\/9083\/revisions\/9086"}],"wp:featuredmedia":[{"embeddable":true,"href":"https:\/\/www.elbuscadordeldetective.info\/index.php?rest_route=\/wp\/v2\/media\/9084"}],"wp:attachment":[{"href":"https:\/\/www.elbuscadordeldetective.info\/index.php?rest_route=%2Fwp%2Fv2%2Fmedia&parent=9083"}],"wp:term":[{"taxonomy":"category","embeddable":true,"href":"https:\/\/www.elbuscadordeldetective.info\/index.php?rest_route=%2Fwp%2Fv2%2Fcategories&post=9083"},{"taxonomy":"post_tag","embeddable":true,"href":"https:\/\/www.elbuscadordeldetective.info\/index.php?rest_route=%2Fwp%2Fv2%2Ftags&post=9083"}],"curies":[{"name":"wp","href":"https:\/\/api.w.org\/{rel}","templated":true}]}}