{"id":9423,"date":"2024-10-12T22:38:00","date_gmt":"2024-10-12T20:38:00","guid":{"rendered":"https:\/\/www.elbuscadordeldetective.info\/?p=9423"},"modified":"2024-10-26T22:46:55","modified_gmt":"2024-10-26T20:46:55","slug":"dia-de-la-virgen-del-pilar-patrona-de-la-guardia-civil","status":"publish","type":"post","link":"https:\/\/www.elbuscadordeldetective.info\/?p=9423","title":{"rendered":"D\u00eda de la Virgen del Pilar, Patrona de la Guardia Civil"},"content":{"rendered":"\n<p class=\"wp-block-paragraph\">La directora general de la Guardia Civil, Mercedes Gonz\u00e1lez, ha presidido hoy los actos de la festividad de la Patrona del Cuerpo en Madrid en un acto que ha tenido lugar en el Acuartelamiento de Batalla del Salado.&nbsp;<\/p>\n\n\n\n<p class=\"wp-block-paragraph\">Tambi\u00e9n han asistido al acto el delegado del Gobierno de la Comunidad de Madrid, Francisco Mart\u00edn; el Defensor del Pueblo, \u00c1ngel Gabilondo; el Director Adjunto Operativo, Teniente General Manuel Llamas; y el General de Divisi\u00f3n Jefe de la Zona de Madrid, Fernando Mora, entre otras autoridades civiles y militares.<\/p>\n\n\n\n<figure class=\"wp-block-image size-full\"><img loading=\"lazy\" decoding=\"async\" width=\"1020\" height=\"680\" src=\"https:\/\/www.elbuscadordeldetective.info\/wp-content\/uploads\/2024\/10\/celebracion.jpg\" alt=\"\" class=\"wp-image-9425\" srcset=\"https:\/\/www.elbuscadordeldetective.info\/wp-content\/uploads\/2024\/10\/celebracion.jpg 1020w, https:\/\/www.elbuscadordeldetective.info\/wp-content\/uploads\/2024\/10\/celebracion-300x200.jpg 300w, https:\/\/www.elbuscadordeldetective.info\/wp-content\/uploads\/2024\/10\/celebracion-768x512.jpg 768w, https:\/\/www.elbuscadordeldetective.info\/wp-content\/uploads\/2024\/10\/celebracion-696x464.jpg 696w, https:\/\/www.elbuscadordeldetective.info\/wp-content\/uploads\/2024\/10\/celebracion-630x420.jpg 630w\" sizes=\"auto, (max-width: 1020px) 100vw, 1020px\" \/><\/figure>\n\n\n\n<p class=\"wp-block-paragraph\">La directora general ha dedicado sus palabras en el d\u00eda de celebraci\u00f3n de la Patrona en la Zona de Madrid a los m\u00e1s de 7000 guardias civiles que en estos momentos cubren al 100% los efectivos dedicados a la seguridad ciudadana y al 95% todas las especialidades. Guardias civiles en la comunidad madrile\u00f1a a los que ha animado a seguir trabajando: con lealtad, entrega, disciplina y vocaci\u00f3n de servicio, porque, ha continuado Mercedes Gonz\u00e1lez, \u201cvuestro esfuerzo da resultados y se plasma en el descenso de un 1,5% de la criminalidad tradicional. Hoy nos enfrentamos a muchos y distintos retos: a la ciberdelincuencia al narcotr\u00e1fico, a la trata de personas a la violencia de g\u00e9nero, perseguimos la criminalidad y el delito, y por eso est\u00e1is siempre de guardia, para asegurar que, en cada rinc\u00f3n de nuestra Comunidad, todos los madrile\u00f1os\/as se sientan protegidos y a salvo. En eso consiste vuestro trabajo. No lo olvid\u00e9is\u201d.<\/p>\n\n\n\n<p class=\"wp-block-paragraph\">Mercedes Gonz\u00e1lez ha homenajeado al guardia civil Jos\u00e9 Antonio Rosa Alcocer, quien falleci\u00f3 el pasado 26 de abril en San Agust\u00edn de Guadalix al caer desde una altura de 12 metros mientras se encontraba tratando de detener a varias personas que estaban cometiendo robos con fuerza en el interior de una nave industrial.\u201d<em>Yoni<\/em>&nbsp;era un enamorado de su trabajo. Y en este recuerdo emocionado se encuentra tambi\u00e9n el significado de su ejemplaridad en la persecuci\u00f3n del delito y el cumplimiento de sus obligaciones m\u00e1s all\u00e1 del deber. Como motivo de orgullo, aunque no de consuelo, Quiero destacar las investigaciones desarrolladas por nuestros agentes de polic\u00eda judicial que permitieron la detenci\u00f3n de las 10 personas que participaron en esos hechos imput\u00e1ndoles los delitos de homicidio imprudente, robos con fuerza e integraci\u00f3n en grupo criminal\u201d.<\/p>\n\n\n\n<p class=\"wp-block-paragraph\">La directora general ha aprovechado este d\u00eda para felicitar al general de Divisi\u00f3n Fernando Mora por su nombramiento como jefe de la Zona de la Guardia Civil en Madrid, y tambi\u00e9n ha agradecido su apoyo al general de divisi\u00f3n Jos\u00e9 Antonio Berrocal, anterior jefe de esta unidad que se retira tras 45 a\u00f1os de servicio.<\/p>\n\n\n\n<p class=\"wp-block-paragraph\"><strong>Parada militar y desfile<\/strong><\/p>\n\n\n\n<p class=\"wp-block-paragraph\">El acto ha consistido en una parada militar y desfile, en el que han participado efectivos de diferentes unidades de la Guardia Civil, as\u00ed como una unidad mixta motorizada compuesta por varias especialidades del Cuerpo.<\/p>\n\n\n\n<p class=\"wp-block-paragraph\">En el mismo acto se han impuesto numerosas condecoraciones, entre las que destacan 6 Cruces de Plata del M\u00e9rito de la Guardia Civil. Asimismo, la directora general ha hecho entrega de un reconocimiento a la viuda del Guardia Civil Jos\u00e9 Antonio Rosa Alcocer.<\/p>\n\n\n\n<p class=\"wp-block-paragraph\"><strong>1\u00aa Zona de la Guardia Civil en Madrid<\/strong><\/p>\n\n\n\n<p class=\"wp-block-paragraph\">La Guardia Civil en la Comunidad de Madrid es responsable de la seguridad ciudadana de 164 municipios de los 179 de la provincia, un 91,62% del total y presta servicios en un buen n\u00famero de edificios p\u00fablicos, de \u00e1mbito estatal y auton\u00f3mico, en la capital y centros penitenciarios. Forman parte de la Zona: la Comandancia de Madrid y la UPROSE (Unidad de Protecci\u00f3n Seguridad) y el Sector de Tr\u00e1fico de Madrid.<\/p>\n\n\n\n<p class=\"wp-block-paragraph\">Nuestra felicitaci\u00f3n a todos los Guardias Civiles con motivo del D\u00eda de la Virgen del Pilar, Patrona de la Guardia Civil, y a todos los espa\u00f1oles que tambi\u00e9n celebramos nuestra Fiesta Nacional. Viva Espa\u00f1a!!!<\/p>\n\n\n\n<p class=\"wp-block-paragraph\"><\/p>\n","protected":false},"excerpt":{"rendered":"<p>La directora general de la Guardia Civil, Mercedes Gonz\u00e1lez, ha presidido hoy los actos de la festividad de la Patrona del Cuerpo en Madrid en un acto que ha tenido lugar en el Acuartelamiento de Batalla del Salado.&nbsp; Tambi\u00e9n han asistido al acto el delegado del Gobierno de la Comunidad de Madrid, Francisco Mart\u00edn; el <\/p>\n","protected":false},"author":4,"featured_media":9424,"comment_status":"closed","ping_status":"closed","sticky":false,"template":"","format":"standard","meta":{"footnotes":""},"categories":[20],"tags":[],"class_list":["post-9423","post","type-post","status-publish","format-standard","has-post-thumbnail","hentry","category-guardia-civil"],"wps_subtitle":"","_links":{"self":[{"href":"https:\/\/www.elbuscadordeldetective.info\/index.php?rest_route=\/wp\/v2\/posts\/9423","targetHints":{"allow":["GET"]}}],"collection":[{"href":"https:\/\/www.elbuscadordeldetective.info\/index.php?rest_route=\/wp\/v2\/posts"}],"about":[{"href":"https:\/\/www.elbuscadordeldetective.info\/index.php?rest_route=\/wp\/v2\/types\/post"}],"author":[{"embeddable":true,"href":"https:\/\/www.elbuscadordeldetective.info\/index.php?rest_route=\/wp\/v2\/users\/4"}],"replies":[{"embeddable":true,"href":"https:\/\/www.elbuscadordeldetective.info\/index.php?rest_route=%2Fwp%2Fv2%2Fcomments&post=9423"}],"version-history":[{"count":1,"href":"https:\/\/www.elbuscadordeldetective.info\/index.php?rest_route=\/wp\/v2\/posts\/9423\/revisions"}],"predecessor-version":[{"id":9426,"href":"https:\/\/www.elbuscadordeldetective.info\/index.php?rest_route=\/wp\/v2\/posts\/9423\/revisions\/9426"}],"wp:featuredmedia":[{"embeddable":true,"href":"https:\/\/www.elbuscadordeldetective.info\/index.php?rest_route=\/wp\/v2\/media\/9424"}],"wp:attachment":[{"href":"https:\/\/www.elbuscadordeldetective.info\/index.php?rest_route=%2Fwp%2Fv2%2Fmedia&parent=9423"}],"wp:term":[{"taxonomy":"category","embeddable":true,"href":"https:\/\/www.elbuscadordeldetective.info\/index.php?rest_route=%2Fwp%2Fv2%2Fcategories&post=9423"},{"taxonomy":"post_tag","embeddable":true,"href":"https:\/\/www.elbuscadordeldetective.info\/index.php?rest_route=%2Fwp%2Fv2%2Ftags&post=9423"}],"curies":[{"name":"wp","href":"https:\/\/api.w.org\/{rel}","templated":true}]}}