{"id":995,"date":"2017-05-29T13:58:21","date_gmt":"2017-05-29T11:58:21","guid":{"rendered":"http:\/\/www.eldetectivepress.org\/?p=995"},"modified":"2017-05-29T14:00:00","modified_gmt":"2017-05-29T12:00:00","slug":"los-forenses-piden-que-la-medica-noelia-de-mingo-quede-ya-en-libertad","status":"publish","type":"post","link":"https:\/\/www.elbuscadordeldetective.info\/?p=995","title":{"rendered":"Los forenses piden que la m\u00e9dica Noelia de Mingo quede ya en libertad"},"content":{"rendered":"<div class=\"articulo-apertura \">La m\u00e9dica Noelia de Mingo, de 45 a\u00f1os, que mat\u00f3 a tres personas y dej\u00f3 malheridas a otras cinco en la cl\u00ednica de La Concepci\u00f3n el 3 de abril de 2003, puede quedar en libertad en los pr\u00f3ximos d\u00edas. Los forenses que la atienden en el centro psiqui\u00e1trico penitenciario de Alicante han remitido un detallado informe al Juzgado de Vigilancia Penitenciaria, en el que aseguran que la paciente ha superado la esquizofrenia paranoide que sufr\u00eda. Su madre y un facultativo del centro m\u00e9dico de la localidad en la que viven ser\u00e1n los encargados de controlarla. La decisi\u00f3n final depende ahora de la Audiencia Provincial de Madrid.<\/div>\n<div class=\"articulo-apertura \">El asesinato m\u00faltiple fue cometido a las 14.25 del 3 de abril de 2003 en la unidad de Reumatolog\u00eda de La Concepci\u00f3n, donde De Mingo cursaba el tercer curso del MIR. A esa hora, la mujer, que se hallaba bajo los efectos de un brote psic\u00f3tico, sac\u00f3 un cuchillo de grandes dimensiones que hab\u00eda comprado y la emprendi\u00f3 contra todos los que estaban en la tercera planta del edificio. La primera v\u00edctima mortal fue su compa\u00f1era Leila El Ouamari, una m\u00e9dica residente de 27 a\u00f1os. Tras cruzar una puerta de madera, se dirigi\u00f3 hacia Jacinta G\u00f3mez de la Llave, de 77 a\u00f1os, que hablaba con su hijo por tel\u00e9fono y muri\u00f3 casi en el acto. Uno tras otro, fue atacando a todos los que se cruzaron en su camino.<\/div>\n<div class=\"articulo-apertura \">Gracias a un celador, pudo ser reducida, tras momentos de aut\u00e9ntico terror. El trabajador empu\u00f1\u00f3 un palo met\u00e1lico de los que se utilizan para sujetar las bolsas de sueros, con \u00e9l la arrincon\u00f3 contra una pared. Al verse rodeada, se rindi\u00f3. Ten\u00eda todas las ropas y las manos ensangrentadas.<\/div>\n<div class=\"articulo-apertura \">De Mingo fue ingresada de inmediato en la unidad de Psiquiatr\u00eda del propio centro m\u00e9dico. Uno de los heridos que se hallaban en estado critico, F\u00e9lix Vall\u00e9s Arroyo, de 77 a\u00f1os y esposo de una paciente muri\u00f3 dos d\u00edas despu\u00e9s.<\/div>\n<div class=\"articulo-apertura \">La secci\u00f3n 16\u00aa de la Audiencia Provincial de Madrid orden\u00f3 el 7 de junio de 2006 que la m\u00e9dica De Mingo fuera internada en un centro psiqui\u00e1trico penitenciario durante un m\u00e1ximo de 25 a\u00f1os. La exculp\u00f3 de todos los cargos al aplicarle la eximente completa de enajenaci\u00f3n mental. La cl\u00ednica, como responsable civil subsidiario, fue condenada a pagar 1,4 millones en indemnizaciones a las v\u00edctimas y a sus familiares. Estos y la Asociaci\u00f3n El Defensor del Paciente (Adepa) fueron representados por el abogado Carlos Sardinero.<\/div>\n<div class=\"articulo-apertura \">Los psiqui\u00e1tras y forenses del centro la han ido evaluando en estos 11 a\u00f1os y han notado una evoluci\u00f3n en la esquizofrenia paranoide que padece. A ra\u00edz de la medicaci\u00f3n que la han ido suministrando, la enfermedad se encuentra \u201cen remisi\u00f3n completa\u201d, seg\u00fan varios informes. Los facultativos han comprobado que la m\u00e9dica tiene una gran capacidad para analizar y comprender su situaci\u00f3n, adem\u00e1s del problema psiqui\u00e1trico que sufre. Los especialistas mantienen en sus escritos que De Mingo comprende la gravedad de la enfermedad y que esta no le causa ning\u00fan problema en caso de que se tome los medicamentos prescritos.<\/div>\n<div class=\"articulo-apertura \">La madre de la interna ha firmado un documento en el que se compromete a acogerla y cuidar de su medicaci\u00f3n, adem\u00e1s de estar en contacto permanente con el centro de salud mental de su zona para que controle y eval\u00fae a su hija de manera peri\u00f3dica. Esto ya ha ocurrido en los tres permisos de los que ya ha disfrutado.<\/div>\n<div class=\"articulo-apertura \">Todos los informes psiqui\u00e1tricos, forenses y de enfermer\u00eda se han unificado en el documento semestral que remite el hospital penitenciario al Juzgado de Vigilancia Penitenciaria n\u00famero 2 de la Comunidad Valenciana, con sede en Alicante. Tambi\u00e9n ha informado de manera favorable el fiscal respecto a la solicitud de la direcci\u00f3n del centro de que De Mingo pase de su actual internamiento al de tratamiento ambulatorio en el domicilio de su madre. Eso s\u00ed, lo condiciona a \u201cse mantengan las condiciones en que se han realizado las salidas y los permisos\u201d. \u201cLa propuesta de tratamiento ambulatorio debe ir acompa\u00f1ada de la medida de custodia familiar, en la persona de su madre, garantiz\u00e1ndose as\u00ed un doble control m\u00e9dico y familiar, con daci\u00f3n peri\u00f3dica del seguimiento a la autoridad judicial\u201d, afirma el fiscal.<br \/>\nTodo el expediente ha sido remitido por el juzgado de Alicante al \u00f3rgano sentenciador, la secci\u00f3n 16\u00aa de la Audiencia Provincial de Madrid. Estos magistrados son los que deben decidir si aceptan la propuesta o no y en qu\u00e9 t\u00e9rminos lo hacen.<\/div>\n<div class=\"articulo-apertura \">EL NOVIO DE UNA FALLECIDA PIDE M\u00c1S INFORMES<br \/>\nFernando Alberca, el novio de la doctora Leila El Ouamaari, asesinada por la m\u00e9dica Noelia de Mingo el 3 de abril de 2003, pedir\u00e1 nuevos informes de la paciente. En concreto, va a solicitar que De Mingo sea explorada por los facultativos de la cl\u00ednica m\u00e9dico forense de Madrid, que son los primeros que la atendieron tras los cr\u00edmenes. \u201cEllos son los que propusieron la medida del internamiento y son los que pueden ver si realmente ha evolucionado de forma favorable\u201d, afirma Alberca. \u201cLe hicieron incluso esc\u00e1neres y comprobaron que ten\u00edan lesiones cerebrales. \u00bfEso se puede curar con el tiempo?\u201d, se pregunta.<\/div>\n<div class=\"articulo-apertura \">El novio de El Ouamaari duda de la pericia de los m\u00e9dicos del centro psiqui\u00e1trico penitenciario de Fontcalent (Alicante): \u201cLa han estudiado en un microclima de tranquilidad, donde est\u00e1 controlada y tomando la medicaci\u00f3n pautada. Fuera de ah\u00ed, no sabemos c\u00f3mo va a actuar ante una situaci\u00f3n de estr\u00e9s\u201d. Alberca tambi\u00e9n duda de la responsabilidad asumida por la familia y el m\u00e9dico del centro de salud: \u201cYa fallaron durante los dos a\u00f1os antes de que se produjera el ataque. Este no fue inopinado y ya tuvo antes brotes continuos\u201d.<\/p>\n<div id=\"articulo-introduccion\" class=\"articulo-introduccion\"><\/div>\n<\/div>\n<div id=\"articulo_contenedor\" class=\"articulo__contenedor\">\u00a0fuente y publicado: elpais.es<\/div>\n","protected":false},"excerpt":{"rendered":"<p>La m\u00e9dica Noelia de Mingo, de 45 a\u00f1os, que mat\u00f3 a tres personas y dej\u00f3 malheridas a otras cinco en la cl\u00ednica de La Concepci\u00f3n el 3 de abril de 2003, puede quedar en libertad en los pr\u00f3ximos d\u00edas. Los forenses que la atienden en el centro psiqui\u00e1trico penitenciario de Alicante han remitido un detallado <\/p>\n","protected":false},"author":1,"featured_media":997,"comment_status":"closed","ping_status":"closed","sticky":false,"template":"","format":"standard","meta":{"footnotes":""},"categories":[33],"tags":[],"class_list":["post-995","post","type-post","status-publish","format-standard","has-post-thumbnail","hentry","category-politica-uncategorized"],"wps_subtitle":"","_links":{"self":[{"href":"https:\/\/www.elbuscadordeldetective.info\/index.php?rest_route=\/wp\/v2\/posts\/995","targetHints":{"allow":["GET"]}}],"collection":[{"href":"https:\/\/www.elbuscadordeldetective.info\/index.php?rest_route=\/wp\/v2\/posts"}],"about":[{"href":"https:\/\/www.elbuscadordeldetective.info\/index.php?rest_route=\/wp\/v2\/types\/post"}],"author":[{"embeddable":true,"href":"https:\/\/www.elbuscadordeldetective.info\/index.php?rest_route=\/wp\/v2\/users\/1"}],"replies":[{"embeddable":true,"href":"https:\/\/www.elbuscadordeldetective.info\/index.php?rest_route=%2Fwp%2Fv2%2Fcomments&post=995"}],"version-history":[{"count":2,"href":"https:\/\/www.elbuscadordeldetective.info\/index.php?rest_route=\/wp\/v2\/posts\/995\/revisions"}],"predecessor-version":[{"id":998,"href":"https:\/\/www.elbuscadordeldetective.info\/index.php?rest_route=\/wp\/v2\/posts\/995\/revisions\/998"}],"wp:featuredmedia":[{"embeddable":true,"href":"https:\/\/www.elbuscadordeldetective.info\/index.php?rest_route=\/wp\/v2\/media\/997"}],"wp:attachment":[{"href":"https:\/\/www.elbuscadordeldetective.info\/index.php?rest_route=%2Fwp%2Fv2%2Fmedia&parent=995"}],"wp:term":[{"taxonomy":"category","embeddable":true,"href":"https:\/\/www.elbuscadordeldetective.info\/index.php?rest_route=%2Fwp%2Fv2%2Fcategories&post=995"},{"taxonomy":"post_tag","embeddable":true,"href":"https:\/\/www.elbuscadordeldetective.info\/index.php?rest_route=%2Fwp%2Fv2%2Ftags&post=995"}],"curies":[{"name":"wp","href":"https:\/\/api.w.org\/{rel}","templated":true}]}}